{"id":9590,"date":"2021-11-23T09:11:08","date_gmt":"2021-11-23T08:11:08","guid":{"rendered":"https:\/\/www.stl.eus\/no-violencia-contra-mujeres\/"},"modified":"2021-11-23T09:11:11","modified_gmt":"2021-11-23T08:11:11","slug":"no-violencia-contra-mujeres","status":"publish","type":"post","link":"https:\/\/www.stl.eus\/es\/no-violencia-contra-mujeres\/","title":{"rendered":"No a la violencia contra las mujeres."},"content":{"rendered":"\n[et_pb_section fb_built=\u00bb1&#8243; _builder_version=\u00bb4.10.8&#8243; _module_preset=\u00bbdefault\u00bb][et_pb_row _builder_version=\u00bb4.10.8&#8243; _module_preset=\u00bbdefault\u00bb][et_pb_column _builder_version=\u00bb4.10.8&#8243; _module_preset=\u00bbdefault\u00bb type=\u00bb4_4&#8243;][et_pb_text _builder_version=\u00bb4.10.8&#8243; _module_preset=\u00bbdefault\u00bb hover_enabled=\u00bb0&#8243; sticky_enabled=\u00bb0&#8243;]<p><span style=\"font-weight: 400;\">El pr\u00f3ximo 25 de noviembre celebramos el D\u00eda Internacional contra la Violencia hacia las Mujeres. Mostrar el punto lila p\u00fablicamente implica un compromiso activo contra este tipo de violencia cuyo origen se encuentra en la desigualdad entre mujeres y hombres. Nuestra ikastola asume plenamente este compromiso.   <\/span><\/p>\n<p><span style=\"font-weight: 400;\">Ni ahora, ni nunca; ni en la ikastola, ni en Donosti, ni en ning\u00fan otro sitio, no a la violencia contra las mujeres.<\/span><\/p>[\/et_pb_text][\/et_pb_column][\/et_pb_row][\/et_pb_section]\n","protected":false},"excerpt":{"rendered":"<p>El pr\u00f3ximo 25 de noviembre celebramos el D\u00eda Internacional contra la Violencia hacia las Mujeres. Mostrar el punto lila p\u00fablicamente implica un compromiso activo contra este tipo de violencia cuyo origen se encuentra en la desigualdad entre mujeres y hombres. Nuestra ikastola asume plenamente este compromiso. Ni ahora, ni nunca; ni en la ikastola, ni [&hellip;]<\/p>\n","protected":false},"author":2,"featured_media":9589,"comment_status":"open","ping_status":"open","sticky":false,"template":"","format":"standard","meta":{"_et_pb_use_builder":"on","_et_pb_old_content":"","_et_gb_content_width":"","footnotes":""},"categories":[150],"tags":[],"class_list":["post-9590","post","type-post","status-publish","format-standard","has-post-thumbnail","hentry","category-actualidad"],"yoast_head":"<!-- This site is optimized with the Yoast SEO plugin v27.5 - https:\/\/yoast.com\/product\/yoast-seo-wordpress\/ -->\n<title>No a la violencia contra las mujeres. - Santo Tomas Lizeoa<\/title>\n<meta name=\"description\" content=\"El pr\u00f3ximo 25 de noviembre celebramos el D\u00eda Internacional contra la Violencia hacia las Mujeres. Nuestra ikastola asume plenamente este compromiso.\" \/>\n<meta name=\"robots\" content=\"index, follow, max-snippet:-1, max-image-preview:large, max-video-preview:-1\" \/>\n<link rel=\"canonical\" href=\"https:\/\/www.stl.eus\/es\/no-violencia-contra-mujeres\/\" \/>\n<meta property=\"og:locale\" content=\"es_ES\" \/>\n<meta property=\"og:type\" content=\"article\" \/>\n<meta property=\"og:title\" content=\"No a la violencia contra las mujeres. - Santo Tomas Lizeoa\" \/>\n<meta property=\"og:description\" content=\"El pr\u00f3ximo 25 de noviembre celebramos el D\u00eda Internacional contra la Violencia hacia las Mujeres. Nuestra ikastola asume plenamente este compromiso.\" \/>\n<meta property=\"og:url\" content=\"https:\/\/www.stl.eus\/es\/no-violencia-contra-mujeres\/\" \/>\n<meta property=\"og:site_name\" content=\"Santo Tomas Lizeoa\" \/>\n<meta property=\"article:published_time\" content=\"2021-11-23T08:11:08+00:00\" \/>\n<meta property=\"article:modified_time\" content=\"2021-11-23T08:11:11+00:00\" \/>\n<meta property=\"og:image\" content=\"https:\/\/www.stl.eus\/wp-content\/uploads\/Emakumeen-aurkako-indarkeriari-ez.png\" \/>\n\t<meta property=\"og:image:width\" content=\"1920\" \/>\n\t<meta property=\"og:image:height\" content=\"640\" \/>\n\t<meta property=\"og:image:type\" content=\"image\/png\" \/>\n<meta name=\"author\" content=\"Santo\" \/>\n<meta name=\"twitter:card\" content=\"summary_large_image\" \/>\n<meta name=\"twitter:creator\" content=\"@stl_ikastola\" \/>\n<meta name=\"twitter:site\" content=\"@stl_ikastola\" \/>\n<meta name=\"twitter:label1\" content=\"Escrito por\" \/>\n\t<meta name=\"twitter:data1\" content=\"Santo\" \/>\n\t<meta name=\"twitter:label2\" content=\"Tiempo de lectura\" \/>\n\t<meta name=\"twitter:data2\" content=\"1 minuto\" \/>\n<script type=\"application\/ld+json\" class=\"yoast-schema-graph\">{\"@context\":\"https:\\\/\\\/schema.org\",\"@graph\":[{\"@type\":\"Article\",\"@id\":\"https:\\\/\\\/www.stl.eus\\\/es\\\/no-violencia-contra-mujeres\\\/#article\",\"isPartOf\":{\"@id\":\"https:\\\/\\\/www.stl.eus\\\/es\\\/no-violencia-contra-mujeres\\\/\"},\"author\":{\"name\":\"Santo\",\"@id\":\"https:\\\/\\\/www.stl.eus\\\/es\\\/#\\\/schema\\\/person\\\/fdace447d8abd479aeb944c3bdb2ef88\"},\"headline\":\"No a la violencia contra las mujeres.\",\"datePublished\":\"2021-11-23T08:11:08+00:00\",\"dateModified\":\"2021-11-23T08:11:11+00:00\",\"mainEntityOfPage\":{\"@id\":\"https:\\\/\\\/www.stl.eus\\\/es\\\/no-violencia-contra-mujeres\\\/\"},\"wordCount\":130,\"commentCount\":0,\"publisher\":{\"@id\":\"https:\\\/\\\/www.stl.eus\\\/es\\\/#organization\"},\"image\":{\"@id\":\"https:\\\/\\\/www.stl.eus\\\/es\\\/no-violencia-contra-mujeres\\\/#primaryimage\"},\"thumbnailUrl\":\"https:\\\/\\\/www.stl.eus\\\/wp-content\\\/uploads\\\/Emakumeen-aurkako-indarkeriari-ez.png\",\"articleSection\":[\"ACTUALIDAD\"],\"inLanguage\":\"es\",\"potentialAction\":[{\"@type\":\"CommentAction\",\"name\":\"Comment\",\"target\":[\"https:\\\/\\\/www.stl.eus\\\/es\\\/no-violencia-contra-mujeres\\\/#respond\"]}]},{\"@type\":\"WebPage\",\"@id\":\"https:\\\/\\\/www.stl.eus\\\/es\\\/no-violencia-contra-mujeres\\\/\",\"url\":\"https:\\\/\\\/www.stl.eus\\\/es\\\/no-violencia-contra-mujeres\\\/\",\"name\":\"No a la violencia contra las mujeres. - Santo Tomas Lizeoa\",\"isPartOf\":{\"@id\":\"https:\\\/\\\/www.stl.eus\\\/es\\\/#website\"},\"primaryImageOfPage\":{\"@id\":\"https:\\\/\\\/www.stl.eus\\\/es\\\/no-violencia-contra-mujeres\\\/#primaryimage\"},\"image\":{\"@id\":\"https:\\\/\\\/www.stl.eus\\\/es\\\/no-violencia-contra-mujeres\\\/#primaryimage\"},\"thumbnailUrl\":\"https:\\\/\\\/www.stl.eus\\\/wp-content\\\/uploads\\\/Emakumeen-aurkako-indarkeriari-ez.png\",\"datePublished\":\"2021-11-23T08:11:08+00:00\",\"dateModified\":\"2021-11-23T08:11:11+00:00\",\"description\":\"El pr\u00f3ximo 25 de noviembre celebramos el D\u00eda Internacional contra la Violencia hacia las Mujeres. Nuestra ikastola asume plenamente este compromiso.\",\"breadcrumb\":{\"@id\":\"https:\\\/\\\/www.stl.eus\\\/es\\\/no-violencia-contra-mujeres\\\/#breadcrumb\"},\"inLanguage\":\"es\",\"potentialAction\":[{\"@type\":\"ReadAction\",\"target\":[\"https:\\\/\\\/www.stl.eus\\\/es\\\/no-violencia-contra-mujeres\\\/\"]}]},{\"@type\":\"ImageObject\",\"inLanguage\":\"es\",\"@id\":\"https:\\\/\\\/www.stl.eus\\\/es\\\/no-violencia-contra-mujeres\\\/#primaryimage\",\"url\":\"https:\\\/\\\/www.stl.eus\\\/wp-content\\\/uploads\\\/Emakumeen-aurkako-indarkeriari-ez.png\",\"contentUrl\":\"https:\\\/\\\/www.stl.eus\\\/wp-content\\\/uploads\\\/Emakumeen-aurkako-indarkeriari-ez.png\",\"width\":1920,\"height\":640,\"caption\":\"no a la violencia contra las mujeres\"},{\"@type\":\"BreadcrumbList\",\"@id\":\"https:\\\/\\\/www.stl.eus\\\/es\\\/no-violencia-contra-mujeres\\\/#breadcrumb\",\"itemListElement\":[{\"@type\":\"ListItem\",\"position\":1,\"name\":\"Home\",\"item\":\"https:\\\/\\\/www.stl.eus\\\/es\\\/\"},{\"@type\":\"ListItem\",\"position\":2,\"name\":\"No a la violencia contra las mujeres.\"}]},{\"@type\":\"WebSite\",\"@id\":\"https:\\\/\\\/www.stl.eus\\\/es\\\/#website\",\"url\":\"https:\\\/\\\/www.stl.eus\\\/es\\\/\",\"name\":\"Santo Tomas Lizeoa\",\"description\":\"\",\"publisher\":{\"@id\":\"https:\\\/\\\/www.stl.eus\\\/es\\\/#organization\"},\"potentialAction\":[{\"@type\":\"SearchAction\",\"target\":{\"@type\":\"EntryPoint\",\"urlTemplate\":\"https:\\\/\\\/www.stl.eus\\\/es\\\/?s={search_term_string}\"},\"query-input\":{\"@type\":\"PropertyValueSpecification\",\"valueRequired\":true,\"valueName\":\"search_term_string\"}}],\"inLanguage\":\"es\"},{\"@type\":\"Organization\",\"@id\":\"https:\\\/\\\/www.stl.eus\\\/es\\\/#organization\",\"name\":\"Santo Tomas Lizeoa\",\"url\":\"https:\\\/\\\/www.stl.eus\\\/es\\\/\",\"logo\":{\"@type\":\"ImageObject\",\"inLanguage\":\"es\",\"@id\":\"https:\\\/\\\/www.stl.eus\\\/es\\\/#\\\/schema\\\/logo\\\/image\\\/\",\"url\":\"https:\\\/\\\/www.stl.eus\\\/wp-content\\\/uploads\\\/2021\\\/06\\\/SantoTomasLizeoa-logo-naranja.svg\",\"contentUrl\":\"https:\\\/\\\/www.stl.eus\\\/wp-content\\\/uploads\\\/2021\\\/06\\\/SantoTomasLizeoa-logo-naranja.svg\",\"width\":1,\"height\":1,\"caption\":\"Santo Tomas Lizeoa\"},\"image\":{\"@id\":\"https:\\\/\\\/www.stl.eus\\\/es\\\/#\\\/schema\\\/logo\\\/image\\\/\"},\"sameAs\":[\"https:\\\/\\\/x.com\\\/stl_ikastola\",\"https:\\\/\\\/www.instagram.com\\\/p\\\/CTzVTj3r8NQ\\\/\",\"https:\\\/\\\/www.youtube.com\\\/c\\\/SantoTomasLizeoaIkastola\"]},{\"@type\":\"Person\",\"@id\":\"https:\\\/\\\/www.stl.eus\\\/es\\\/#\\\/schema\\\/person\\\/fdace447d8abd479aeb944c3bdb2ef88\",\"name\":\"Santo\",\"image\":{\"@type\":\"ImageObject\",\"inLanguage\":\"es\",\"@id\":\"https:\\\/\\\/secure.gravatar.com\\\/avatar\\\/4968dc8a44af727847d0a587f7f9734fc4c51a0f5c2ee06869cd4775eb75e06b?s=96&d=mm&r=g\",\"url\":\"https:\\\/\\\/secure.gravatar.com\\\/avatar\\\/4968dc8a44af727847d0a587f7f9734fc4c51a0f5c2ee06869cd4775eb75e06b?s=96&d=mm&r=g\",\"contentUrl\":\"https:\\\/\\\/secure.gravatar.com\\\/avatar\\\/4968dc8a44af727847d0a587f7f9734fc4c51a0f5c2ee06869cd4775eb75e06b?s=96&d=mm&r=g\",\"caption\":\"Santo\"}}]}<\/script>\n<!-- \/ Yoast SEO plugin. -->","yoast_head_json":{"title":"No a la violencia contra las mujeres. - Santo Tomas Lizeoa","description":"El pr\u00f3ximo 25 de noviembre celebramos el D\u00eda Internacional contra la Violencia hacia las Mujeres. Nuestra ikastola asume plenamente este compromiso.","robots":{"index":"index","follow":"follow","max-snippet":"max-snippet:-1","max-image-preview":"max-image-preview:large","max-video-preview":"max-video-preview:-1"},"canonical":"https:\/\/www.stl.eus\/es\/no-violencia-contra-mujeres\/","og_locale":"es_ES","og_type":"article","og_title":"No a la violencia contra las mujeres. - Santo Tomas Lizeoa","og_description":"El pr\u00f3ximo 25 de noviembre celebramos el D\u00eda Internacional contra la Violencia hacia las Mujeres. Nuestra ikastola asume plenamente este compromiso.","og_url":"https:\/\/www.stl.eus\/es\/no-violencia-contra-mujeres\/","og_site_name":"Santo Tomas Lizeoa","article_published_time":"2021-11-23T08:11:08+00:00","article_modified_time":"2021-11-23T08:11:11+00:00","og_image":[{"width":1920,"height":640,"url":"https:\/\/www.stl.eus\/wp-content\/uploads\/Emakumeen-aurkako-indarkeriari-ez.png","type":"image\/png"}],"author":"Santo","twitter_card":"summary_large_image","twitter_creator":"@stl_ikastola","twitter_site":"@stl_ikastola","twitter_misc":{"Escrito por":"Santo","Tiempo de lectura":"1 minuto"},"schema":{"@context":"https:\/\/schema.org","@graph":[{"@type":"Article","@id":"https:\/\/www.stl.eus\/es\/no-violencia-contra-mujeres\/#article","isPartOf":{"@id":"https:\/\/www.stl.eus\/es\/no-violencia-contra-mujeres\/"},"author":{"name":"Santo","@id":"https:\/\/www.stl.eus\/es\/#\/schema\/person\/fdace447d8abd479aeb944c3bdb2ef88"},"headline":"No a la violencia contra las mujeres.","datePublished":"2021-11-23T08:11:08+00:00","dateModified":"2021-11-23T08:11:11+00:00","mainEntityOfPage":{"@id":"https:\/\/www.stl.eus\/es\/no-violencia-contra-mujeres\/"},"wordCount":130,"commentCount":0,"publisher":{"@id":"https:\/\/www.stl.eus\/es\/#organization"},"image":{"@id":"https:\/\/www.stl.eus\/es\/no-violencia-contra-mujeres\/#primaryimage"},"thumbnailUrl":"https:\/\/www.stl.eus\/wp-content\/uploads\/Emakumeen-aurkako-indarkeriari-ez.png","articleSection":["ACTUALIDAD"],"inLanguage":"es","potentialAction":[{"@type":"CommentAction","name":"Comment","target":["https:\/\/www.stl.eus\/es\/no-violencia-contra-mujeres\/#respond"]}]},{"@type":"WebPage","@id":"https:\/\/www.stl.eus\/es\/no-violencia-contra-mujeres\/","url":"https:\/\/www.stl.eus\/es\/no-violencia-contra-mujeres\/","name":"No a la violencia contra las mujeres. - Santo Tomas Lizeoa","isPartOf":{"@id":"https:\/\/www.stl.eus\/es\/#website"},"primaryImageOfPage":{"@id":"https:\/\/www.stl.eus\/es\/no-violencia-contra-mujeres\/#primaryimage"},"image":{"@id":"https:\/\/www.stl.eus\/es\/no-violencia-contra-mujeres\/#primaryimage"},"thumbnailUrl":"https:\/\/www.stl.eus\/wp-content\/uploads\/Emakumeen-aurkako-indarkeriari-ez.png","datePublished":"2021-11-23T08:11:08+00:00","dateModified":"2021-11-23T08:11:11+00:00","description":"El pr\u00f3ximo 25 de noviembre celebramos el D\u00eda Internacional contra la Violencia hacia las Mujeres. Nuestra ikastola asume plenamente este compromiso.","breadcrumb":{"@id":"https:\/\/www.stl.eus\/es\/no-violencia-contra-mujeres\/#breadcrumb"},"inLanguage":"es","potentialAction":[{"@type":"ReadAction","target":["https:\/\/www.stl.eus\/es\/no-violencia-contra-mujeres\/"]}]},{"@type":"ImageObject","inLanguage":"es","@id":"https:\/\/www.stl.eus\/es\/no-violencia-contra-mujeres\/#primaryimage","url":"https:\/\/www.stl.eus\/wp-content\/uploads\/Emakumeen-aurkako-indarkeriari-ez.png","contentUrl":"https:\/\/www.stl.eus\/wp-content\/uploads\/Emakumeen-aurkako-indarkeriari-ez.png","width":1920,"height":640,"caption":"no a la violencia contra las mujeres"},{"@type":"BreadcrumbList","@id":"https:\/\/www.stl.eus\/es\/no-violencia-contra-mujeres\/#breadcrumb","itemListElement":[{"@type":"ListItem","position":1,"name":"Home","item":"https:\/\/www.stl.eus\/es\/"},{"@type":"ListItem","position":2,"name":"No a la violencia contra las mujeres."}]},{"@type":"WebSite","@id":"https:\/\/www.stl.eus\/es\/#website","url":"https:\/\/www.stl.eus\/es\/","name":"Santo Tomas Lizeoa","description":"","publisher":{"@id":"https:\/\/www.stl.eus\/es\/#organization"},"potentialAction":[{"@type":"SearchAction","target":{"@type":"EntryPoint","urlTemplate":"https:\/\/www.stl.eus\/es\/?s={search_term_string}"},"query-input":{"@type":"PropertyValueSpecification","valueRequired":true,"valueName":"search_term_string"}}],"inLanguage":"es"},{"@type":"Organization","@id":"https:\/\/www.stl.eus\/es\/#organization","name":"Santo Tomas Lizeoa","url":"https:\/\/www.stl.eus\/es\/","logo":{"@type":"ImageObject","inLanguage":"es","@id":"https:\/\/www.stl.eus\/es\/#\/schema\/logo\/image\/","url":"https:\/\/www.stl.eus\/wp-content\/uploads\/2021\/06\/SantoTomasLizeoa-logo-naranja.svg","contentUrl":"https:\/\/www.stl.eus\/wp-content\/uploads\/2021\/06\/SantoTomasLizeoa-logo-naranja.svg","width":1,"height":1,"caption":"Santo Tomas Lizeoa"},"image":{"@id":"https:\/\/www.stl.eus\/es\/#\/schema\/logo\/image\/"},"sameAs":["https:\/\/x.com\/stl_ikastola","https:\/\/www.instagram.com\/p\/CTzVTj3r8NQ\/","https:\/\/www.youtube.com\/c\/SantoTomasLizeoaIkastola"]},{"@type":"Person","@id":"https:\/\/www.stl.eus\/es\/#\/schema\/person\/fdace447d8abd479aeb944c3bdb2ef88","name":"Santo","image":{"@type":"ImageObject","inLanguage":"es","@id":"https:\/\/secure.gravatar.com\/avatar\/4968dc8a44af727847d0a587f7f9734fc4c51a0f5c2ee06869cd4775eb75e06b?s=96&d=mm&r=g","url":"https:\/\/secure.gravatar.com\/avatar\/4968dc8a44af727847d0a587f7f9734fc4c51a0f5c2ee06869cd4775eb75e06b?s=96&d=mm&r=g","contentUrl":"https:\/\/secure.gravatar.com\/avatar\/4968dc8a44af727847d0a587f7f9734fc4c51a0f5c2ee06869cd4775eb75e06b?s=96&d=mm&r=g","caption":"Santo"}}]}},"_links":{"self":[{"href":"https:\/\/www.stl.eus\/es\/wp-json\/wp\/v2\/posts\/9590","targetHints":{"allow":["GET"]}}],"collection":[{"href":"https:\/\/www.stl.eus\/es\/wp-json\/wp\/v2\/posts"}],"about":[{"href":"https:\/\/www.stl.eus\/es\/wp-json\/wp\/v2\/types\/post"}],"author":[{"embeddable":true,"href":"https:\/\/www.stl.eus\/es\/wp-json\/wp\/v2\/users\/2"}],"replies":[{"embeddable":true,"href":"https:\/\/www.stl.eus\/es\/wp-json\/wp\/v2\/comments?post=9590"}],"version-history":[{"count":0,"href":"https:\/\/www.stl.eus\/es\/wp-json\/wp\/v2\/posts\/9590\/revisions"}],"wp:featuredmedia":[{"embeddable":true,"href":"https:\/\/www.stl.eus\/es\/wp-json\/wp\/v2\/media\/9589"}],"wp:attachment":[{"href":"https:\/\/www.stl.eus\/es\/wp-json\/wp\/v2\/media?parent=9590"}],"wp:term":[{"taxonomy":"category","embeddable":true,"href":"https:\/\/www.stl.eus\/es\/wp-json\/wp\/v2\/categories?post=9590"},{"taxonomy":"post_tag","embeddable":true,"href":"https:\/\/www.stl.eus\/es\/wp-json\/wp\/v2\/tags?post=9590"}],"curies":[{"name":"wp","href":"https:\/\/api.w.org\/{rel}","templated":true}]}}