{"id":9577,"date":"2021-11-22T12:56:44","date_gmt":"2021-11-22T11:56:44","guid":{"rendered":"https:\/\/www.stl.eus\/haurren-aurrean-helduak-heldu\/"},"modified":"2021-11-22T12:56:50","modified_gmt":"2021-11-22T11:56:50","slug":"haurren-aurrean-helduak-heldu","status":"publish","type":"post","link":"https:\/\/www.stl.eus\/es\/haurren-aurrean-helduak-heldu\/","title":{"rendered":"Haurren aurrean, helduok heldu"},"content":{"rendered":"\n\n\n[et_pb_section][et_pb_row][et_pb_column type=\u00bb4_4&#8243;][et_pb_text]<!-- divi:columns -->\n<div class=\"wp-block-columns\"><!-- divi:column -->\n<div class=\"wp-block-column\"><!-- divi:paragraph -->\n<p>Ohar honen bitartez datozen egunotan Euskaltzaleen Topaguneak abian jarriko duen ekimenaren berri eman nahi dizuegu. Umeekin harreman zuzena dugun helduoi begirako egitasmo bat abiatuko du laster eta ekimenean parte hartzera gonbidatu nahi zaituztegu.&nbsp;<\/p>\n<!-- \/divi:paragraph -->\n\n<!-- divi:heading -->\n<h2><strong>Zertan datza?<\/strong><\/h2>\n<!-- \/divi:heading -->\n\n<!-- divi:paragraph -->\n<p>0-12 urte bitarteko ume zein gazteekin harreman zuzena dugun guraso, zaintzaile, senide eta bestelako hezitzaileon arteko euskarazko praktikak sustatzeko ekimena da, geure arteko hizkuntza-praktikak alda ditzagun eta euskara gehiago erabil dezagun.&nbsp;<\/p>\n<!-- \/divi:paragraph -->\n\n<!-- divi:heading -->\n<h2><strong>Noiz egingo dugu?<\/strong><\/h2>\n<!-- \/divi:heading -->\n\n<!-- divi:paragraph -->\n<p>Azaroaren 22tik abenduaren 5era<\/p>\n<!-- \/divi:paragraph -->\n\n<!-- divi:heading -->\n<h2><strong>Zertarako?<\/strong><\/h2>\n<!-- \/divi:heading -->\n\n<!-- divi:paragraph -->\n<p>Umeen erreferente garen helduon arteko hizkuntza portaeretan eragiteko eta euskararen erabilera areagotzeko, eta, bide batez, belaunaldi berriek hizkuntza praktika berriak normalizatu eta barneratzeko.&nbsp;<\/p>\n<!-- \/divi:paragraph -->\n\n<!-- divi:image {\"id\":9247,\"sizeSlug\":\"full\",\"linkDestination\":\"none\"} -->\n<figure class=\"wp-block-image size-full\"><img decoding=\"async\" width=\"700\" height=\"445\" data-src=\"https:\/\/www.stl.eus\/wp-content\/uploads\/IRUDIA1.jpg\" alt=\"\" class=\"wp-image-9248 lazyload\" data-srcset=\"https:\/\/www.stl.eus\/wp-content\/uploads\/IRUDIA1.jpg 700w, https:\/\/www.stl.eus\/wp-content\/uploads\/IRUDIA1-480x305.jpg 480w\" data-sizes=\"(min-width: 0px) and (max-width: 480px) 480px, (min-width: 481px) 700px, 100vw\" src=\"data:image\/svg+xml;base64,PHN2ZyB3aWR0aD0iMSIgaGVpZ2h0PSIxIiB4bWxucz0iaHR0cDovL3d3dy53My5vcmcvMjAwMC9zdmciPjwvc3ZnPg==\" style=\"--smush-placeholder-width: 700px; --smush-placeholder-aspect-ratio: 700\/445;\" \/><\/figure>\n<!-- \/divi:image -->\n\n<!-- divi:heading -->\n<h2><strong>Ariketa proposamena:<\/strong><\/h2>\n<!-- \/divi:heading -->\n\n<!-- divi:list {\"ordered\":true} -->\n<ol><li>Euskaraz ondo moldatzen bagara:<\/li><\/ol>\n<!-- \/divi:list -->\n\n<!-- divi:list -->\n<ul><li>Solaskideek euskara dakiten kasuetan, euskaraz egingo dugu (euskaldunak euskaldunari euskaraz).&nbsp;<\/li><li>Lehen hitzak euskaraz egingo ditugu. Ezezagunekin zein euskaraz ulertzen duten ezagunekin.&nbsp;<\/li><li>Kideak ulertu bai, baina euskaraz hitz egiten ez badigu, euskarari eutsiko diogu, baita elkarrizketa elebidunetan ere.&nbsp;<\/li><\/ul>\n<!-- \/divi:list -->\n\n<!-- divi:list {\"ordered\":true,\"start\":2} -->\n<ol start=\"2\"><li>Euskaraz hitz egiteko zailtasunak baditugu, baina ulertzen badugu:<\/li><\/ol>\n<!-- \/divi:list -->\n\n<!-- divi:list -->\n<ul><li>Gonbida ditzagun gure ingurukoak euskaraz aritu daitezen edo jarrai dezaten gurekin.&nbsp;<\/li><\/ul>\n<!-- \/divi:list -->\n\n<!-- divi:paragraph -->\n<p>Pentsa dezagun norekin alda ditzakegun hizkuntza ohiturak parkean, eskola inguruan edo umeekin egiten ditugun bestelako ekintzetan. Kide horiei elkarrekin ariketa egitea proposa diezaiekegu, eta gure ingurukoei esan ariketa egitera goazela, umeekin partekatzen ditugun espazioetan gaudenean.&nbsp;<\/p>\n<!-- \/divi:paragraph -->\n\n<!-- divi:paragraph -->\n<p>Horrenbestez, guraso, hezitzaile, zaintzaile eta bestelako senideak ekimen honetan parte hartzera gonbidatzen zaituztegu. Saia gaitezen gure hizkuntz ohiturak aldatzen!<\/p>\n<!-- \/divi:paragraph -->\n\n<!-- divi:paragraph -->\n<p>Haurren aurrean, helduok heldu!<\/p>\n<!-- \/divi:paragraph --><\/div>\n<!-- \/divi:column --><\/div>\n<!-- \/divi:columns -->\n\n<!-- divi:columns -->\n<div class=\"wp-block-columns\"><!-- divi:column -->\n<div class=\"wp-block-column\"><!-- divi:embed {\"url\":\"https:\/\/www.youtube.com\/watch?v=x1XcJM6CApw\\u0026t\",\"type\":\"video\",\"providerNameSlug\":\"youtube\",\"responsive\":true,\"className\":\"wp-embed-aspect-16-9 wp-has-aspect-ratio\"} -->\n<figure class=\"wp-block-embed is-type-video is-provider-youtube wp-block-embed-youtube wp-embed-aspect-16-9 wp-has-aspect-ratio\"><div class=\"wp-block-embed__wrapper\">\n<iframe title=\"Haurren aurrean helduok heldu (1)\" width=\"1080\" height=\"608\" data-src=\"https:\/\/www.youtube.com\/embed\/x1XcJM6CApw?feature=oembed\"  allow=\"accelerometer; autoplay; clipboard-write; encrypted-media; gyroscope; picture-in-picture\" allowfullscreen src=\"data:image\/svg+xml;base64,PHN2ZyB3aWR0aD0iMSIgaGVpZ2h0PSIxIiB4bWxucz0iaHR0cDovL3d3dy53My5vcmcvMjAwMC9zdmciPjwvc3ZnPg==\" class=\"lazyload\" data-load-mode=\"1\"><\/iframe>\n<\/div><\/figure>\n<!-- \/divi:embed --><\/div>\n<!-- \/divi:column -->\n\n<!-- divi:column -->\n<div class=\"wp-block-column\"><!-- divi:embed {\"url\":\"https:\/\/www.youtube.com\/watch?v=ooK2VkuZtcY\",\"type\":\"video\",\"providerNameSlug\":\"youtube\",\"responsive\":true,\"className\":\"wp-embed-aspect-16-9 wp-has-aspect-ratio\"} -->\n<figure class=\"wp-block-embed is-type-video is-provider-youtube wp-block-embed-youtube wp-embed-aspect-16-9 wp-has-aspect-ratio\"><div class=\"wp-block-embed__wrapper\">\n<iframe title=\"Haurren aurrean helduok heldu (2)\" width=\"1080\" height=\"608\" data-src=\"https:\/\/www.youtube.com\/embed\/ooK2VkuZtcY?feature=oembed\"  allow=\"accelerometer; autoplay; clipboard-write; encrypted-media; gyroscope; picture-in-picture\" allowfullscreen src=\"data:image\/svg+xml;base64,PHN2ZyB3aWR0aD0iMSIgaGVpZ2h0PSIxIiB4bWxucz0iaHR0cDovL3d3dy53My5vcmcvMjAwMC9zdmciPjwvc3ZnPg==\" class=\"lazyload\" data-load-mode=\"1\"><\/iframe>\n<\/div><\/figure>\n<!-- \/divi:embed --><\/div>\n<!-- \/divi:column -->\n\n<!-- divi:column -->\n<div class=\"wp-block-column\"><!-- divi:embed {\"url\":\"https:\/\/www.youtube.com\/watch?v=7fp3S7hSDeY\",\"type\":\"video\",\"providerNameSlug\":\"youtube\",\"responsive\":true,\"className\":\"wp-embed-aspect-16-9 wp-has-aspect-ratio\"} -->\n<figure class=\"wp-block-embed is-type-video is-provider-youtube wp-block-embed-youtube wp-embed-aspect-16-9 wp-has-aspect-ratio\"><div class=\"wp-block-embed__wrapper\">\n<iframe title=\"Haurren aurrean helduok heldu (3)\" width=\"1080\" height=\"608\" data-src=\"https:\/\/www.youtube.com\/embed\/7fp3S7hSDeY?feature=oembed\"  allow=\"accelerometer; autoplay; clipboard-write; encrypted-media; gyroscope; picture-in-picture\" allowfullscreen src=\"data:image\/svg+xml;base64,PHN2ZyB3aWR0aD0iMSIgaGVpZ2h0PSIxIiB4bWxucz0iaHR0cDovL3d3dy53My5vcmcvMjAwMC9zdmciPjwvc3ZnPg==\" class=\"lazyload\" data-load-mode=\"1\"><\/iframe>\n<\/div><\/figure>\n<!-- \/divi:embed --><\/div>\n<!-- \/divi:column --><\/div>\n<!-- \/divi:columns -->[\/et_pb_text][\/et_pb_column][\/et_pb_row][\/et_pb_section]\n\n\n","protected":false},"excerpt":{"rendered":"<p><div class=\"et_pb_section et_pb_section_0 et_section_regular\" >\n\t\t\t\t\n\t\t\t\t\n\t\t\t\t\n\t\t\t\t\n\t\t\t\t\n\t\t\t\t\n\t\t\t\t\n\t\t\t\t\n\t\t\t\t\n\t\t\t<\/div><div class=\"et_pb_row et_pb_row_0 et_pb_row_empty\">\n\t\t\t\t\n\t\t\t\t\n\t\t\t\t\n\t\t\t\t\n\t\t\t\t\n\t\t\t<\/div><div class=\"et_pb_module et_pb_text et_pb_text_0  et_pb_text_align_left et_pb_bg_layout_light\">\n\t\t\t\t\n\t\t\t\t\n\t\t\t\t\n\t\t\t\t\n\t\t\t\t\n\t\t\t<\/div> Ohar honen bitartez datozen egunotan Euskaltzaleen Topaguneak abian jarriko duen ekimenaren berri eman nahi dizuegu. Umeekin harreman zuzena dugun helduoi begirako egitasmo bat abiatuko du laster eta ekimenean parte hartzera gonbidatu nahi zaituztegu.&nbsp; Zertan datza? 0-12 urte bitarteko ume zein gazteekin harreman zuzena dugun guraso, zaintzaile, senide eta bestelako hezitzaileon arteko euskarazko praktikak sustatzeko [&hellip;]<\/p>\n","protected":false},"author":2,"featured_media":9250,"comment_status":"open","ping_status":"open","sticky":false,"template":"","format":"standard","meta":{"_et_pb_use_builder":"on","_et_pb_old_content":"","_et_gb_content_width":"","footnotes":""},"categories":[150,175,173,172,174],"tags":[],"class_list":["post-9577","post","type-post","status-publish","format-standard","has-post-thumbnail","hentry","category-actualidad","category-actualidad-bachiller","category-actualidad-educacion-infantil","category-actualidad-educacion-primaria","category-actualidad-eso"],"yoast_head":"<!-- This site is optimized with the Yoast SEO plugin v27.5 - https:\/\/yoast.com\/product\/yoast-seo-wordpress\/ -->\n<title>Haurren aurrean, helduok heldu - Santo Tomas Lizeoa<\/title>\n<meta name=\"description\" content=\"Euskaltzaleen Topaguneak abian jarri duen haurren aurrean, helduak heldu ekimemenaren berri eman nahi dizuegu.\" \/>\n<meta name=\"robots\" content=\"index, follow, max-snippet:-1, max-image-preview:large, max-video-preview:-1\" \/>\n<link rel=\"canonical\" href=\"https:\/\/www.stl.eus\/es\/haurren-aurrean-helduak-heldu\/\" \/>\n<meta property=\"og:locale\" content=\"es_ES\" \/>\n<meta property=\"og:type\" content=\"article\" \/>\n<meta property=\"og:title\" content=\"Haurren aurrean, helduok heldu - Santo Tomas Lizeoa\" \/>\n<meta property=\"og:description\" content=\"Euskaltzaleen Topaguneak abian jarri duen haurren aurrean, helduak heldu ekimemenaren berri eman nahi dizuegu.\" \/>\n<meta property=\"og:url\" content=\"https:\/\/www.stl.eus\/es\/haurren-aurrean-helduak-heldu\/\" \/>\n<meta property=\"og:site_name\" content=\"Santo Tomas Lizeoa\" \/>\n<meta property=\"article:published_time\" content=\"2021-11-22T11:56:44+00:00\" \/>\n<meta property=\"article:modified_time\" content=\"2021-11-22T11:56:50+00:00\" \/>\n<meta property=\"og:image\" content=\"https:\/\/www.stl.eus\/wp-content\/uploads\/haurren-aurrean-gurasoak-heldu.jpg\" \/>\n\t<meta property=\"og:image:width\" content=\"1920\" \/>\n\t<meta property=\"og:image:height\" content=\"640\" \/>\n\t<meta property=\"og:image:type\" content=\"image\/jpeg\" \/>\n<meta name=\"author\" content=\"Santo\" \/>\n<meta name=\"twitter:card\" content=\"summary_large_image\" \/>\n<meta name=\"twitter:creator\" content=\"@stl_ikastola\" \/>\n<meta name=\"twitter:site\" content=\"@stl_ikastola\" \/>\n<meta name=\"twitter:label1\" content=\"Escrito por\" \/>\n\t<meta name=\"twitter:data1\" content=\"Santo\" \/>\n\t<meta name=\"twitter:label2\" content=\"Tiempo de lectura\" \/>\n\t<meta name=\"twitter:data2\" content=\"1 minuto\" \/>\n<script type=\"application\/ld+json\" class=\"yoast-schema-graph\">{\"@context\":\"https:\\\/\\\/schema.org\",\"@graph\":[{\"@type\":\"Article\",\"@id\":\"https:\\\/\\\/www.stl.eus\\\/es\\\/haurren-aurrean-helduak-heldu\\\/#article\",\"isPartOf\":{\"@id\":\"https:\\\/\\\/www.stl.eus\\\/es\\\/haurren-aurrean-helduak-heldu\\\/\"},\"author\":{\"name\":\"Santo\",\"@id\":\"https:\\\/\\\/www.stl.eus\\\/es\\\/#\\\/schema\\\/person\\\/fdace447d8abd479aeb944c3bdb2ef88\"},\"headline\":\"Haurren aurrean, helduok heldu\",\"datePublished\":\"2021-11-22T11:56:44+00:00\",\"dateModified\":\"2021-11-22T11:56:50+00:00\",\"mainEntityOfPage\":{\"@id\":\"https:\\\/\\\/www.stl.eus\\\/es\\\/haurren-aurrean-helduak-heldu\\\/\"},\"wordCount\":282,\"commentCount\":0,\"publisher\":{\"@id\":\"https:\\\/\\\/www.stl.eus\\\/es\\\/#organization\"},\"image\":{\"@id\":\"https:\\\/\\\/www.stl.eus\\\/es\\\/haurren-aurrean-helduak-heldu\\\/#primaryimage\"},\"thumbnailUrl\":\"https:\\\/\\\/www.stl.eus\\\/wp-content\\\/uploads\\\/haurren-aurrean-gurasoak-heldu.jpg\",\"articleSection\":[\"ACTUALIDAD\",\"Bachiller\",\"Educaci\u00f3n Infantil\",\"Educaci\u00f3n Primaria\",\"Educaci\u00f3n Secundaria Obligatoria - ESO\"],\"inLanguage\":\"es\",\"potentialAction\":[{\"@type\":\"CommentAction\",\"name\":\"Comment\",\"target\":[\"https:\\\/\\\/www.stl.eus\\\/es\\\/haurren-aurrean-helduak-heldu\\\/#respond\"]}]},{\"@type\":\"WebPage\",\"@id\":\"https:\\\/\\\/www.stl.eus\\\/es\\\/haurren-aurrean-helduak-heldu\\\/\",\"url\":\"https:\\\/\\\/www.stl.eus\\\/es\\\/haurren-aurrean-helduak-heldu\\\/\",\"name\":\"Haurren aurrean, helduok heldu - Santo Tomas Lizeoa\",\"isPartOf\":{\"@id\":\"https:\\\/\\\/www.stl.eus\\\/es\\\/#website\"},\"primaryImageOfPage\":{\"@id\":\"https:\\\/\\\/www.stl.eus\\\/es\\\/haurren-aurrean-helduak-heldu\\\/#primaryimage\"},\"image\":{\"@id\":\"https:\\\/\\\/www.stl.eus\\\/es\\\/haurren-aurrean-helduak-heldu\\\/#primaryimage\"},\"thumbnailUrl\":\"https:\\\/\\\/www.stl.eus\\\/wp-content\\\/uploads\\\/haurren-aurrean-gurasoak-heldu.jpg\",\"datePublished\":\"2021-11-22T11:56:44+00:00\",\"dateModified\":\"2021-11-22T11:56:50+00:00\",\"description\":\"Euskaltzaleen Topaguneak abian jarri duen haurren aurrean, helduak heldu ekimemenaren berri eman nahi dizuegu.\",\"breadcrumb\":{\"@id\":\"https:\\\/\\\/www.stl.eus\\\/es\\\/haurren-aurrean-helduak-heldu\\\/#breadcrumb\"},\"inLanguage\":\"es\",\"potentialAction\":[{\"@type\":\"ReadAction\",\"target\":[\"https:\\\/\\\/www.stl.eus\\\/es\\\/haurren-aurrean-helduak-heldu\\\/\"]}]},{\"@type\":\"ImageObject\",\"inLanguage\":\"es\",\"@id\":\"https:\\\/\\\/www.stl.eus\\\/es\\\/haurren-aurrean-helduak-heldu\\\/#primaryimage\",\"url\":\"https:\\\/\\\/www.stl.eus\\\/wp-content\\\/uploads\\\/haurren-aurrean-gurasoak-heldu.jpg\",\"contentUrl\":\"https:\\\/\\\/www.stl.eus\\\/wp-content\\\/uploads\\\/haurren-aurrean-gurasoak-heldu.jpg\",\"width\":1920,\"height\":640},{\"@type\":\"BreadcrumbList\",\"@id\":\"https:\\\/\\\/www.stl.eus\\\/es\\\/haurren-aurrean-helduak-heldu\\\/#breadcrumb\",\"itemListElement\":[{\"@type\":\"ListItem\",\"position\":1,\"name\":\"Home\",\"item\":\"https:\\\/\\\/www.stl.eus\\\/es\\\/\"},{\"@type\":\"ListItem\",\"position\":2,\"name\":\"Haurren aurrean, helduok heldu\"}]},{\"@type\":\"WebSite\",\"@id\":\"https:\\\/\\\/www.stl.eus\\\/es\\\/#website\",\"url\":\"https:\\\/\\\/www.stl.eus\\\/es\\\/\",\"name\":\"Santo Tomas Lizeoa\",\"description\":\"\",\"publisher\":{\"@id\":\"https:\\\/\\\/www.stl.eus\\\/es\\\/#organization\"},\"potentialAction\":[{\"@type\":\"SearchAction\",\"target\":{\"@type\":\"EntryPoint\",\"urlTemplate\":\"https:\\\/\\\/www.stl.eus\\\/es\\\/?s={search_term_string}\"},\"query-input\":{\"@type\":\"PropertyValueSpecification\",\"valueRequired\":true,\"valueName\":\"search_term_string\"}}],\"inLanguage\":\"es\"},{\"@type\":\"Organization\",\"@id\":\"https:\\\/\\\/www.stl.eus\\\/es\\\/#organization\",\"name\":\"Santo Tomas Lizeoa\",\"url\":\"https:\\\/\\\/www.stl.eus\\\/es\\\/\",\"logo\":{\"@type\":\"ImageObject\",\"inLanguage\":\"es\",\"@id\":\"https:\\\/\\\/www.stl.eus\\\/es\\\/#\\\/schema\\\/logo\\\/image\\\/\",\"url\":\"https:\\\/\\\/www.stl.eus\\\/wp-content\\\/uploads\\\/2021\\\/06\\\/SantoTomasLizeoa-logo-naranja.svg\",\"contentUrl\":\"https:\\\/\\\/www.stl.eus\\\/wp-content\\\/uploads\\\/2021\\\/06\\\/SantoTomasLizeoa-logo-naranja.svg\",\"width\":1,\"height\":1,\"caption\":\"Santo Tomas Lizeoa\"},\"image\":{\"@id\":\"https:\\\/\\\/www.stl.eus\\\/es\\\/#\\\/schema\\\/logo\\\/image\\\/\"},\"sameAs\":[\"https:\\\/\\\/x.com\\\/stl_ikastola\",\"https:\\\/\\\/www.instagram.com\\\/p\\\/CTzVTj3r8NQ\\\/\",\"https:\\\/\\\/www.youtube.com\\\/c\\\/SantoTomasLizeoaIkastola\"]},{\"@type\":\"Person\",\"@id\":\"https:\\\/\\\/www.stl.eus\\\/es\\\/#\\\/schema\\\/person\\\/fdace447d8abd479aeb944c3bdb2ef88\",\"name\":\"Santo\",\"image\":{\"@type\":\"ImageObject\",\"inLanguage\":\"es\",\"@id\":\"https:\\\/\\\/secure.gravatar.com\\\/avatar\\\/4968dc8a44af727847d0a587f7f9734fc4c51a0f5c2ee06869cd4775eb75e06b?s=96&d=mm&r=g\",\"url\":\"https:\\\/\\\/secure.gravatar.com\\\/avatar\\\/4968dc8a44af727847d0a587f7f9734fc4c51a0f5c2ee06869cd4775eb75e06b?s=96&d=mm&r=g\",\"contentUrl\":\"https:\\\/\\\/secure.gravatar.com\\\/avatar\\\/4968dc8a44af727847d0a587f7f9734fc4c51a0f5c2ee06869cd4775eb75e06b?s=96&d=mm&r=g\",\"caption\":\"Santo\"}}]}<\/script>\n<!-- \/ Yoast SEO plugin. -->","yoast_head_json":{"title":"Haurren aurrean, helduok heldu - Santo Tomas Lizeoa","description":"Euskaltzaleen Topaguneak abian jarri duen haurren aurrean, helduak heldu ekimemenaren berri eman nahi dizuegu.","robots":{"index":"index","follow":"follow","max-snippet":"max-snippet:-1","max-image-preview":"max-image-preview:large","max-video-preview":"max-video-preview:-1"},"canonical":"https:\/\/www.stl.eus\/es\/haurren-aurrean-helduak-heldu\/","og_locale":"es_ES","og_type":"article","og_title":"Haurren aurrean, helduok heldu - Santo Tomas Lizeoa","og_description":"Euskaltzaleen Topaguneak abian jarri duen haurren aurrean, helduak heldu ekimemenaren berri eman nahi dizuegu.","og_url":"https:\/\/www.stl.eus\/es\/haurren-aurrean-helduak-heldu\/","og_site_name":"Santo Tomas Lizeoa","article_published_time":"2021-11-22T11:56:44+00:00","article_modified_time":"2021-11-22T11:56:50+00:00","og_image":[{"width":1920,"height":640,"url":"https:\/\/www.stl.eus\/wp-content\/uploads\/haurren-aurrean-gurasoak-heldu.jpg","type":"image\/jpeg"}],"author":"Santo","twitter_card":"summary_large_image","twitter_creator":"@stl_ikastola","twitter_site":"@stl_ikastola","twitter_misc":{"Escrito por":"Santo","Tiempo de lectura":"1 minuto"},"schema":{"@context":"https:\/\/schema.org","@graph":[{"@type":"Article","@id":"https:\/\/www.stl.eus\/es\/haurren-aurrean-helduak-heldu\/#article","isPartOf":{"@id":"https:\/\/www.stl.eus\/es\/haurren-aurrean-helduak-heldu\/"},"author":{"name":"Santo","@id":"https:\/\/www.stl.eus\/es\/#\/schema\/person\/fdace447d8abd479aeb944c3bdb2ef88"},"headline":"Haurren aurrean, helduok heldu","datePublished":"2021-11-22T11:56:44+00:00","dateModified":"2021-11-22T11:56:50+00:00","mainEntityOfPage":{"@id":"https:\/\/www.stl.eus\/es\/haurren-aurrean-helduak-heldu\/"},"wordCount":282,"commentCount":0,"publisher":{"@id":"https:\/\/www.stl.eus\/es\/#organization"},"image":{"@id":"https:\/\/www.stl.eus\/es\/haurren-aurrean-helduak-heldu\/#primaryimage"},"thumbnailUrl":"https:\/\/www.stl.eus\/wp-content\/uploads\/haurren-aurrean-gurasoak-heldu.jpg","articleSection":["ACTUALIDAD","Bachiller","Educaci\u00f3n Infantil","Educaci\u00f3n Primaria","Educaci\u00f3n Secundaria Obligatoria - ESO"],"inLanguage":"es","potentialAction":[{"@type":"CommentAction","name":"Comment","target":["https:\/\/www.stl.eus\/es\/haurren-aurrean-helduak-heldu\/#respond"]}]},{"@type":"WebPage","@id":"https:\/\/www.stl.eus\/es\/haurren-aurrean-helduak-heldu\/","url":"https:\/\/www.stl.eus\/es\/haurren-aurrean-helduak-heldu\/","name":"Haurren aurrean, helduok heldu - Santo Tomas Lizeoa","isPartOf":{"@id":"https:\/\/www.stl.eus\/es\/#website"},"primaryImageOfPage":{"@id":"https:\/\/www.stl.eus\/es\/haurren-aurrean-helduak-heldu\/#primaryimage"},"image":{"@id":"https:\/\/www.stl.eus\/es\/haurren-aurrean-helduak-heldu\/#primaryimage"},"thumbnailUrl":"https:\/\/www.stl.eus\/wp-content\/uploads\/haurren-aurrean-gurasoak-heldu.jpg","datePublished":"2021-11-22T11:56:44+00:00","dateModified":"2021-11-22T11:56:50+00:00","description":"Euskaltzaleen Topaguneak abian jarri duen haurren aurrean, helduak heldu ekimemenaren berri eman nahi dizuegu.","breadcrumb":{"@id":"https:\/\/www.stl.eus\/es\/haurren-aurrean-helduak-heldu\/#breadcrumb"},"inLanguage":"es","potentialAction":[{"@type":"ReadAction","target":["https:\/\/www.stl.eus\/es\/haurren-aurrean-helduak-heldu\/"]}]},{"@type":"ImageObject","inLanguage":"es","@id":"https:\/\/www.stl.eus\/es\/haurren-aurrean-helduak-heldu\/#primaryimage","url":"https:\/\/www.stl.eus\/wp-content\/uploads\/haurren-aurrean-gurasoak-heldu.jpg","contentUrl":"https:\/\/www.stl.eus\/wp-content\/uploads\/haurren-aurrean-gurasoak-heldu.jpg","width":1920,"height":640},{"@type":"BreadcrumbList","@id":"https:\/\/www.stl.eus\/es\/haurren-aurrean-helduak-heldu\/#breadcrumb","itemListElement":[{"@type":"ListItem","position":1,"name":"Home","item":"https:\/\/www.stl.eus\/es\/"},{"@type":"ListItem","position":2,"name":"Haurren aurrean, helduok heldu"}]},{"@type":"WebSite","@id":"https:\/\/www.stl.eus\/es\/#website","url":"https:\/\/www.stl.eus\/es\/","name":"Santo Tomas Lizeoa","description":"","publisher":{"@id":"https:\/\/www.stl.eus\/es\/#organization"},"potentialAction":[{"@type":"SearchAction","target":{"@type":"EntryPoint","urlTemplate":"https:\/\/www.stl.eus\/es\/?s={search_term_string}"},"query-input":{"@type":"PropertyValueSpecification","valueRequired":true,"valueName":"search_term_string"}}],"inLanguage":"es"},{"@type":"Organization","@id":"https:\/\/www.stl.eus\/es\/#organization","name":"Santo Tomas Lizeoa","url":"https:\/\/www.stl.eus\/es\/","logo":{"@type":"ImageObject","inLanguage":"es","@id":"https:\/\/www.stl.eus\/es\/#\/schema\/logo\/image\/","url":"https:\/\/www.stl.eus\/wp-content\/uploads\/2021\/06\/SantoTomasLizeoa-logo-naranja.svg","contentUrl":"https:\/\/www.stl.eus\/wp-content\/uploads\/2021\/06\/SantoTomasLizeoa-logo-naranja.svg","width":1,"height":1,"caption":"Santo Tomas Lizeoa"},"image":{"@id":"https:\/\/www.stl.eus\/es\/#\/schema\/logo\/image\/"},"sameAs":["https:\/\/x.com\/stl_ikastola","https:\/\/www.instagram.com\/p\/CTzVTj3r8NQ\/","https:\/\/www.youtube.com\/c\/SantoTomasLizeoaIkastola"]},{"@type":"Person","@id":"https:\/\/www.stl.eus\/es\/#\/schema\/person\/fdace447d8abd479aeb944c3bdb2ef88","name":"Santo","image":{"@type":"ImageObject","inLanguage":"es","@id":"https:\/\/secure.gravatar.com\/avatar\/4968dc8a44af727847d0a587f7f9734fc4c51a0f5c2ee06869cd4775eb75e06b?s=96&d=mm&r=g","url":"https:\/\/secure.gravatar.com\/avatar\/4968dc8a44af727847d0a587f7f9734fc4c51a0f5c2ee06869cd4775eb75e06b?s=96&d=mm&r=g","contentUrl":"https:\/\/secure.gravatar.com\/avatar\/4968dc8a44af727847d0a587f7f9734fc4c51a0f5c2ee06869cd4775eb75e06b?s=96&d=mm&r=g","caption":"Santo"}}]}},"_links":{"self":[{"href":"https:\/\/www.stl.eus\/es\/wp-json\/wp\/v2\/posts\/9577","targetHints":{"allow":["GET"]}}],"collection":[{"href":"https:\/\/www.stl.eus\/es\/wp-json\/wp\/v2\/posts"}],"about":[{"href":"https:\/\/www.stl.eus\/es\/wp-json\/wp\/v2\/types\/post"}],"author":[{"embeddable":true,"href":"https:\/\/www.stl.eus\/es\/wp-json\/wp\/v2\/users\/2"}],"replies":[{"embeddable":true,"href":"https:\/\/www.stl.eus\/es\/wp-json\/wp\/v2\/comments?post=9577"}],"version-history":[{"count":0,"href":"https:\/\/www.stl.eus\/es\/wp-json\/wp\/v2\/posts\/9577\/revisions"}],"wp:featuredmedia":[{"embeddable":true,"href":"https:\/\/www.stl.eus\/es\/wp-json\/wp\/v2\/media\/9250"}],"wp:attachment":[{"href":"https:\/\/www.stl.eus\/es\/wp-json\/wp\/v2\/media?parent=9577"}],"wp:term":[{"taxonomy":"category","embeddable":true,"href":"https:\/\/www.stl.eus\/es\/wp-json\/wp\/v2\/categories?post=9577"},{"taxonomy":"post_tag","embeddable":true,"href":"https:\/\/www.stl.eus\/es\/wp-json\/wp\/v2\/tags?post=9577"}],"curies":[{"name":"wp","href":"https:\/\/api.w.org\/{rel}","templated":true}]}}