{"id":5932,"date":"2021-09-07T14:51:47","date_gmt":"2021-09-07T12:51:47","guid":{"rendered":"https:\/\/berria.santotomaslizeoa.net\/txalaparta\/"},"modified":"2022-03-10T16:49:57","modified_gmt":"2022-03-10T15:49:57","slug":"txalaparta","status":"publish","type":"post","link":"https:\/\/www.stl.eus\/es\/txalaparta\/","title":{"rendered":"La txalaparta"},"content":{"rendered":"\n[et_pb_section fb_built=\u00bb1&#8243; admin_label=\u00bbsection\u00bb _builder_version=\u00bb3.22&#8243; global_colors_info=\u00bb{}\u00bb][et_pb_row admin_label=\u00bbrow\u00bb _builder_version=\u00bb4.10.8&#8243; background_size=\u00bbinitial\u00bb background_position=\u00bbtop_left\u00bb background_repeat=\u00bbrepeat\u00bb custom_margin=\u00bb-50px||0px||false|false\u00bb global_colors_info=\u00bb{}\u00bb][et_pb_column type=\u00bb4_4&#8243; _builder_version=\u00bb3.25&#8243; custom_padding=\u00bb|||\u00bb global_colors_info=\u00bb{}\u00bb custom_padding__hover=\u00bb|||\u00bb][et_pb_text admin_label=\u00bbText\u00bb _builder_version=\u00bb4.10.8&#8243; background_size=\u00bbinitial\u00bb background_position=\u00bbtop_left\u00bb background_repeat=\u00bbrepeat\u00bb hover_enabled=\u00bb0&#8243; global_colors_info=\u00bb{}\u00bb sticky_enabled=\u00bb0&#8243;]<h2>\u00bfPor qu\u00e9 es la txalaparta el timbre de nuestra ikastola?<\/h2>\n<p>En 1972, la ikastola Santo Tomas Lizeoa tom\u00f3 la ubicaci\u00f3n que hoy conocemos en el barrio Ibaeta de Donostia. Debido a la nueva ley de educaci\u00f3n, la ikastola necesitaba nuevas infraestructuras, y as\u00ed, convertimos en nuestros los terrenos que anteriormente pertenec\u00edan al caser\u00edo Loistarain. Pero \u00bfc\u00f3mo se convirti\u00f3 la txalaparta en el timbre de nuestra ikastola?<\/p>\n<div class=\"wp-block-columns\">\n<div class=\"wp-block-column\">\n<h3><span class=\"has-inline-color has-black-color\">Diferenci\u00e1ndonos desde nuestras ra\u00edces<\/span><\/h3>\n<p><span class=\"has-inline-color has-black-color\">Por aquel entonces el colegio Santa Teresa ya estaba all\u00ed, y escuch\u00e1bamos su timbre desde nuestra ikastola. As\u00ed, para diferenciarnos del timbre del otro centro, por un lado, y asentar nuestras ra\u00edces vascas, por otro, decidimos utilizar el \u00abttakun\u00bb de la txalaparta.<\/span><\/p>\n<h3><span class=\"has-inline-color has-black-color\">Milesker Joxean Artze<\/span><\/h3>\n<p><span class=\"has-inline-color has-black-color\">Desde entonces, la txalaparta del poeta y m\u00fasico Joxean Artze, que formaba parte de <em>Ez dok amairu taldea<\/em>, marca los tiempos de nuestra ikastola.<\/span><\/p>\n<\/div>\n<\/div>\n<p>&nbsp;<\/p>\n<p><!-- \/divi:columns --><\/p>[\/et_pb_text][\/et_pb_column][\/et_pb_row][\/et_pb_section]\n","protected":false},"excerpt":{"rendered":"<p>\u00bfPor qu\u00e9 es la txalaparta el timbre de nuestra ikastola? En 1972, la ikastola Santo Tomas Lizeoa tom\u00f3 la ubicaci\u00f3n que hoy conocemos en el barrio Ibaeta de Donostia. Debido a la nueva ley de educaci\u00f3n, la ikastola necesitaba nuevas infraestructuras, y as\u00ed, convertimos en nuestros los terrenos que anteriormente pertenec\u00edan al caser\u00edo Loistarain. Pero [&hellip;]<\/p>\n","protected":false},"author":1,"featured_media":5681,"comment_status":"open","ping_status":"open","sticky":false,"template":"","format":"standard","meta":{"_et_pb_use_builder":"on","_et_pb_old_content":"<p>[et_pb_section fb_built=\"1\" admin_label=\"section\" _builder_version=\"3.22\" global_colors_info=\"{}\"][et_pb_row admin_label=\"row\" _builder_version=\"3.25\" background_size=\"initial\" background_position=\"top_left\" background_repeat=\"repeat\" global_colors_info=\"{}\"][et_pb_column type=\"4_4\" _builder_version=\"3.25\" custom_padding=\"|||\" global_colors_info=\"{}\" custom_padding__hover=\"|||\"][et_pb_text admin_label=\"Text\" _builder_version=\"3.27.4\" background_size=\"initial\" background_position=\"top_left\" background_repeat=\"repeat\" global_colors_info=\"{}\"]<\/p>\n<p>\u00a0<\/p>\n\n<!-- wp:columns -->\n<div class=\"wp-block-columns\"><!-- wp:column -->\n<div class=\"wp-block-column\"><!-- wp:paragraph -->\n<\/p>\n<p><span class=\"has-inline-color has-black-color\">En 1972, la ikastola Santo Tomas Lizeoa tom\u00f3 la ubicaci\u00f3n que hoy conocemos en el barrio Ibaeta de Donostia. Debido a la nueva ley de educaci\u00f3n, la ikastola necesitaba nuevas infraestructuras, y as\u00ed, convertimos en nuestros los terrenos que anteriormente pertenec\u00edan al caser\u00edo Loistarain. Pero \u00bfc\u00f3mo se convirti\u00f3 la txalaparta en el timbre de nuestra ikastola?<\/span><\/p>\n<p>\n<!-- \/wp:paragraph --><\/div>\n<!-- \/wp:column -->\n\n<!-- wp:column -->\n<div class=\"wp-block-column\"><!-- wp:paragraph -->\n<\/p>\n<p><span class=\"has-inline-color has-black-color\">Por aquel entonces el colegio Santa Teresa ya estaba all\u00ed, y escuch\u00e1bamos su timbre desde nuestra ikastola. As\u00ed, para diferenciarnos del timbre del otro centro, por un lado, y asentar nuestras ra\u00edces vascas, por otro, decidimos utilizar el \"ttakun\" de la txalaparta. Desde entonces, la txalaparta del poeta y m\u00fasico Joxean Artze, que formaba parte de <em>Ez dok amairu taldea<\/em>, marca los tiempos de nuestra ikastola. <\/span><\/p>\n<p>\n<!-- \/wp:paragraph --><\/div>\n<!-- \/wp:column -->\n\n<!-- wp:column -->\n<\/p>\n<div class=\"wp-block-column\"><\/div>\n<p>\n<!-- \/wp:column --><\/div>\n<!-- \/wp:columns -->\n\n<p><\/p>\n<p>[\/et_pb_text][\/et_pb_column][\/et_pb_row][\/et_pb_section]<\/p>","_et_gb_content_width":"","footnotes":""},"categories":[150,208],"tags":[],"class_list":["post-5932","post","type-post","status-publish","format-standard","has-post-thumbnail","hentry","category-actualidad","category-actualiadid-historia"],"yoast_head":"<!-- This site is optimized with the Yoast SEO plugin v27.5 - https:\/\/yoast.com\/product\/yoast-seo-wordpress\/ -->\n<title>La txalaparta, nuestro timbre - Santo Tomas Lizeoa<\/title>\n<meta name=\"description\" content=\"La txalaparta \u00bfEl timbre de nuestra ikastola? Para diferenciarnos del timbre del otro centro y afianzar nuestras ra\u00edces vascas.\" \/>\n<meta name=\"robots\" content=\"index, follow, max-snippet:-1, max-image-preview:large, max-video-preview:-1\" \/>\n<link rel=\"canonical\" href=\"https:\/\/www.stl.eus\/es\/txalaparta\/\" \/>\n<meta property=\"og:locale\" content=\"es_ES\" \/>\n<meta property=\"og:type\" content=\"article\" \/>\n<meta property=\"og:title\" content=\"La txalaparta, nuestro timbre - Santo Tomas Lizeoa\" \/>\n<meta property=\"og:description\" content=\"La txalaparta \u00bfEl timbre de nuestra ikastola? Para diferenciarnos del timbre del otro centro y afianzar nuestras ra\u00edces vascas.\" \/>\n<meta property=\"og:url\" content=\"https:\/\/www.stl.eus\/es\/txalaparta\/\" \/>\n<meta property=\"og:site_name\" content=\"Santo Tomas Lizeoa\" \/>\n<meta property=\"article:published_time\" content=\"2021-09-07T12:51:47+00:00\" \/>\n<meta property=\"article:modified_time\" content=\"2022-03-10T15:49:57+00:00\" \/>\n<meta property=\"og:image\" content=\"https:\/\/www.stl.eus\/wp-content\/uploads\/txalaparta.jpg\" \/>\n\t<meta property=\"og:image:width\" content=\"1920\" \/>\n\t<meta property=\"og:image:height\" content=\"660\" \/>\n\t<meta property=\"og:image:type\" content=\"image\/jpeg\" \/>\n<meta name=\"author\" content=\"duok\" \/>\n<meta name=\"twitter:card\" content=\"summary_large_image\" \/>\n<meta name=\"twitter:creator\" content=\"@stl_ikastola\" \/>\n<meta name=\"twitter:site\" content=\"@stl_ikastola\" \/>\n<meta name=\"twitter:label1\" content=\"Escrito por\" \/>\n\t<meta name=\"twitter:data1\" content=\"duok\" \/>\n\t<meta name=\"twitter:label2\" content=\"Tiempo de lectura\" \/>\n\t<meta name=\"twitter:data2\" content=\"1 minuto\" \/>\n<script type=\"application\/ld+json\" class=\"yoast-schema-graph\">{\"@context\":\"https:\\\/\\\/schema.org\",\"@graph\":[{\"@type\":\"Article\",\"@id\":\"https:\\\/\\\/www.stl.eus\\\/es\\\/txalaparta\\\/#article\",\"isPartOf\":{\"@id\":\"https:\\\/\\\/www.stl.eus\\\/es\\\/txalaparta\\\/\"},\"author\":{\"name\":\"duok\",\"@id\":\"https:\\\/\\\/www.stl.eus\\\/es\\\/#\\\/schema\\\/person\\\/2562c124946ee98fdb98d430ac99afb3\"},\"headline\":\"La txalaparta\",\"datePublished\":\"2021-09-07T12:51:47+00:00\",\"dateModified\":\"2022-03-10T15:49:57+00:00\",\"mainEntityOfPage\":{\"@id\":\"https:\\\/\\\/www.stl.eus\\\/es\\\/txalaparta\\\/\"},\"wordCount\":243,\"commentCount\":0,\"publisher\":{\"@id\":\"https:\\\/\\\/www.stl.eus\\\/es\\\/#organization\"},\"image\":{\"@id\":\"https:\\\/\\\/www.stl.eus\\\/es\\\/txalaparta\\\/#primaryimage\"},\"thumbnailUrl\":\"https:\\\/\\\/www.stl.eus\\\/wp-content\\\/uploads\\\/txalaparta.jpg\",\"articleSection\":[\"ACTUALIDAD\",\"Historia\"],\"inLanguage\":\"es\",\"potentialAction\":[{\"@type\":\"CommentAction\",\"name\":\"Comment\",\"target\":[\"https:\\\/\\\/www.stl.eus\\\/es\\\/txalaparta\\\/#respond\"]}]},{\"@type\":\"WebPage\",\"@id\":\"https:\\\/\\\/www.stl.eus\\\/es\\\/txalaparta\\\/\",\"url\":\"https:\\\/\\\/www.stl.eus\\\/es\\\/txalaparta\\\/\",\"name\":\"La txalaparta, nuestro timbre - Santo Tomas Lizeoa\",\"isPartOf\":{\"@id\":\"https:\\\/\\\/www.stl.eus\\\/es\\\/#website\"},\"primaryImageOfPage\":{\"@id\":\"https:\\\/\\\/www.stl.eus\\\/es\\\/txalaparta\\\/#primaryimage\"},\"image\":{\"@id\":\"https:\\\/\\\/www.stl.eus\\\/es\\\/txalaparta\\\/#primaryimage\"},\"thumbnailUrl\":\"https:\\\/\\\/www.stl.eus\\\/wp-content\\\/uploads\\\/txalaparta.jpg\",\"datePublished\":\"2021-09-07T12:51:47+00:00\",\"dateModified\":\"2022-03-10T15:49:57+00:00\",\"description\":\"La txalaparta \u00bfEl timbre de nuestra ikastola? Para diferenciarnos del timbre del otro centro y afianzar nuestras ra\u00edces vascas.\",\"breadcrumb\":{\"@id\":\"https:\\\/\\\/www.stl.eus\\\/es\\\/txalaparta\\\/#breadcrumb\"},\"inLanguage\":\"es\",\"potentialAction\":[{\"@type\":\"ReadAction\",\"target\":[\"https:\\\/\\\/www.stl.eus\\\/es\\\/txalaparta\\\/\"]}]},{\"@type\":\"ImageObject\",\"inLanguage\":\"es\",\"@id\":\"https:\\\/\\\/www.stl.eus\\\/es\\\/txalaparta\\\/#primaryimage\",\"url\":\"https:\\\/\\\/www.stl.eus\\\/wp-content\\\/uploads\\\/txalaparta.jpg\",\"contentUrl\":\"https:\\\/\\\/www.stl.eus\\\/wp-content\\\/uploads\\\/txalaparta.jpg\",\"width\":1920,\"height\":660},{\"@type\":\"BreadcrumbList\",\"@id\":\"https:\\\/\\\/www.stl.eus\\\/es\\\/txalaparta\\\/#breadcrumb\",\"itemListElement\":[{\"@type\":\"ListItem\",\"position\":1,\"name\":\"Home\",\"item\":\"https:\\\/\\\/www.stl.eus\\\/es\\\/\"},{\"@type\":\"ListItem\",\"position\":2,\"name\":\"La txalaparta\"}]},{\"@type\":\"WebSite\",\"@id\":\"https:\\\/\\\/www.stl.eus\\\/es\\\/#website\",\"url\":\"https:\\\/\\\/www.stl.eus\\\/es\\\/\",\"name\":\"Santo Tomas Lizeoa\",\"description\":\"\",\"publisher\":{\"@id\":\"https:\\\/\\\/www.stl.eus\\\/es\\\/#organization\"},\"potentialAction\":[{\"@type\":\"SearchAction\",\"target\":{\"@type\":\"EntryPoint\",\"urlTemplate\":\"https:\\\/\\\/www.stl.eus\\\/es\\\/?s={search_term_string}\"},\"query-input\":{\"@type\":\"PropertyValueSpecification\",\"valueRequired\":true,\"valueName\":\"search_term_string\"}}],\"inLanguage\":\"es\"},{\"@type\":\"Organization\",\"@id\":\"https:\\\/\\\/www.stl.eus\\\/es\\\/#organization\",\"name\":\"Santo Tomas Lizeoa\",\"url\":\"https:\\\/\\\/www.stl.eus\\\/es\\\/\",\"logo\":{\"@type\":\"ImageObject\",\"inLanguage\":\"es\",\"@id\":\"https:\\\/\\\/www.stl.eus\\\/es\\\/#\\\/schema\\\/logo\\\/image\\\/\",\"url\":\"https:\\\/\\\/www.stl.eus\\\/wp-content\\\/uploads\\\/2021\\\/06\\\/SantoTomasLizeoa-logo-naranja.svg\",\"contentUrl\":\"https:\\\/\\\/www.stl.eus\\\/wp-content\\\/uploads\\\/2021\\\/06\\\/SantoTomasLizeoa-logo-naranja.svg\",\"width\":1,\"height\":1,\"caption\":\"Santo Tomas Lizeoa\"},\"image\":{\"@id\":\"https:\\\/\\\/www.stl.eus\\\/es\\\/#\\\/schema\\\/logo\\\/image\\\/\"},\"sameAs\":[\"https:\\\/\\\/x.com\\\/stl_ikastola\",\"https:\\\/\\\/www.instagram.com\\\/p\\\/CTzVTj3r8NQ\\\/\",\"https:\\\/\\\/www.youtube.com\\\/c\\\/SantoTomasLizeoaIkastola\"]},{\"@type\":\"Person\",\"@id\":\"https:\\\/\\\/www.stl.eus\\\/es\\\/#\\\/schema\\\/person\\\/2562c124946ee98fdb98d430ac99afb3\",\"name\":\"duok\",\"image\":{\"@type\":\"ImageObject\",\"inLanguage\":\"es\",\"@id\":\"https:\\\/\\\/secure.gravatar.com\\\/avatar\\\/beb7b46b968e80582647cb16cca8fefae305b9bf71e6e530ca7d343cf6fafbd6?s=96&d=mm&r=g\",\"url\":\"https:\\\/\\\/secure.gravatar.com\\\/avatar\\\/beb7b46b968e80582647cb16cca8fefae305b9bf71e6e530ca7d343cf6fafbd6?s=96&d=mm&r=g\",\"contentUrl\":\"https:\\\/\\\/secure.gravatar.com\\\/avatar\\\/beb7b46b968e80582647cb16cca8fefae305b9bf71e6e530ca7d343cf6fafbd6?s=96&d=mm&r=g\",\"caption\":\"duok\"},\"sameAs\":[\"https:\\\/\\\/santotomaslize.wpengine.com\"]}]}<\/script>\n<!-- \/ Yoast SEO plugin. -->","yoast_head_json":{"title":"La txalaparta, nuestro timbre - Santo Tomas Lizeoa","description":"La txalaparta \u00bfEl timbre de nuestra ikastola? Para diferenciarnos del timbre del otro centro y afianzar nuestras ra\u00edces vascas.","robots":{"index":"index","follow":"follow","max-snippet":"max-snippet:-1","max-image-preview":"max-image-preview:large","max-video-preview":"max-video-preview:-1"},"canonical":"https:\/\/www.stl.eus\/es\/txalaparta\/","og_locale":"es_ES","og_type":"article","og_title":"La txalaparta, nuestro timbre - Santo Tomas Lizeoa","og_description":"La txalaparta \u00bfEl timbre de nuestra ikastola? Para diferenciarnos del timbre del otro centro y afianzar nuestras ra\u00edces vascas.","og_url":"https:\/\/www.stl.eus\/es\/txalaparta\/","og_site_name":"Santo Tomas Lizeoa","article_published_time":"2021-09-07T12:51:47+00:00","article_modified_time":"2022-03-10T15:49:57+00:00","og_image":[{"width":1920,"height":660,"url":"https:\/\/www.stl.eus\/wp-content\/uploads\/txalaparta.jpg","type":"image\/jpeg"}],"author":"duok","twitter_card":"summary_large_image","twitter_creator":"@stl_ikastola","twitter_site":"@stl_ikastola","twitter_misc":{"Escrito por":"duok","Tiempo de lectura":"1 minuto"},"schema":{"@context":"https:\/\/schema.org","@graph":[{"@type":"Article","@id":"https:\/\/www.stl.eus\/es\/txalaparta\/#article","isPartOf":{"@id":"https:\/\/www.stl.eus\/es\/txalaparta\/"},"author":{"name":"duok","@id":"https:\/\/www.stl.eus\/es\/#\/schema\/person\/2562c124946ee98fdb98d430ac99afb3"},"headline":"La txalaparta","datePublished":"2021-09-07T12:51:47+00:00","dateModified":"2022-03-10T15:49:57+00:00","mainEntityOfPage":{"@id":"https:\/\/www.stl.eus\/es\/txalaparta\/"},"wordCount":243,"commentCount":0,"publisher":{"@id":"https:\/\/www.stl.eus\/es\/#organization"},"image":{"@id":"https:\/\/www.stl.eus\/es\/txalaparta\/#primaryimage"},"thumbnailUrl":"https:\/\/www.stl.eus\/wp-content\/uploads\/txalaparta.jpg","articleSection":["ACTUALIDAD","Historia"],"inLanguage":"es","potentialAction":[{"@type":"CommentAction","name":"Comment","target":["https:\/\/www.stl.eus\/es\/txalaparta\/#respond"]}]},{"@type":"WebPage","@id":"https:\/\/www.stl.eus\/es\/txalaparta\/","url":"https:\/\/www.stl.eus\/es\/txalaparta\/","name":"La txalaparta, nuestro timbre - Santo Tomas Lizeoa","isPartOf":{"@id":"https:\/\/www.stl.eus\/es\/#website"},"primaryImageOfPage":{"@id":"https:\/\/www.stl.eus\/es\/txalaparta\/#primaryimage"},"image":{"@id":"https:\/\/www.stl.eus\/es\/txalaparta\/#primaryimage"},"thumbnailUrl":"https:\/\/www.stl.eus\/wp-content\/uploads\/txalaparta.jpg","datePublished":"2021-09-07T12:51:47+00:00","dateModified":"2022-03-10T15:49:57+00:00","description":"La txalaparta \u00bfEl timbre de nuestra ikastola? Para diferenciarnos del timbre del otro centro y afianzar nuestras ra\u00edces vascas.","breadcrumb":{"@id":"https:\/\/www.stl.eus\/es\/txalaparta\/#breadcrumb"},"inLanguage":"es","potentialAction":[{"@type":"ReadAction","target":["https:\/\/www.stl.eus\/es\/txalaparta\/"]}]},{"@type":"ImageObject","inLanguage":"es","@id":"https:\/\/www.stl.eus\/es\/txalaparta\/#primaryimage","url":"https:\/\/www.stl.eus\/wp-content\/uploads\/txalaparta.jpg","contentUrl":"https:\/\/www.stl.eus\/wp-content\/uploads\/txalaparta.jpg","width":1920,"height":660},{"@type":"BreadcrumbList","@id":"https:\/\/www.stl.eus\/es\/txalaparta\/#breadcrumb","itemListElement":[{"@type":"ListItem","position":1,"name":"Home","item":"https:\/\/www.stl.eus\/es\/"},{"@type":"ListItem","position":2,"name":"La txalaparta"}]},{"@type":"WebSite","@id":"https:\/\/www.stl.eus\/es\/#website","url":"https:\/\/www.stl.eus\/es\/","name":"Santo Tomas Lizeoa","description":"","publisher":{"@id":"https:\/\/www.stl.eus\/es\/#organization"},"potentialAction":[{"@type":"SearchAction","target":{"@type":"EntryPoint","urlTemplate":"https:\/\/www.stl.eus\/es\/?s={search_term_string}"},"query-input":{"@type":"PropertyValueSpecification","valueRequired":true,"valueName":"search_term_string"}}],"inLanguage":"es"},{"@type":"Organization","@id":"https:\/\/www.stl.eus\/es\/#organization","name":"Santo Tomas Lizeoa","url":"https:\/\/www.stl.eus\/es\/","logo":{"@type":"ImageObject","inLanguage":"es","@id":"https:\/\/www.stl.eus\/es\/#\/schema\/logo\/image\/","url":"https:\/\/www.stl.eus\/wp-content\/uploads\/2021\/06\/SantoTomasLizeoa-logo-naranja.svg","contentUrl":"https:\/\/www.stl.eus\/wp-content\/uploads\/2021\/06\/SantoTomasLizeoa-logo-naranja.svg","width":1,"height":1,"caption":"Santo Tomas Lizeoa"},"image":{"@id":"https:\/\/www.stl.eus\/es\/#\/schema\/logo\/image\/"},"sameAs":["https:\/\/x.com\/stl_ikastola","https:\/\/www.instagram.com\/p\/CTzVTj3r8NQ\/","https:\/\/www.youtube.com\/c\/SantoTomasLizeoaIkastola"]},{"@type":"Person","@id":"https:\/\/www.stl.eus\/es\/#\/schema\/person\/2562c124946ee98fdb98d430ac99afb3","name":"duok","image":{"@type":"ImageObject","inLanguage":"es","@id":"https:\/\/secure.gravatar.com\/avatar\/beb7b46b968e80582647cb16cca8fefae305b9bf71e6e530ca7d343cf6fafbd6?s=96&d=mm&r=g","url":"https:\/\/secure.gravatar.com\/avatar\/beb7b46b968e80582647cb16cca8fefae305b9bf71e6e530ca7d343cf6fafbd6?s=96&d=mm&r=g","contentUrl":"https:\/\/secure.gravatar.com\/avatar\/beb7b46b968e80582647cb16cca8fefae305b9bf71e6e530ca7d343cf6fafbd6?s=96&d=mm&r=g","caption":"duok"},"sameAs":["https:\/\/santotomaslize.wpengine.com"]}]}},"_links":{"self":[{"href":"https:\/\/www.stl.eus\/es\/wp-json\/wp\/v2\/posts\/5932","targetHints":{"allow":["GET"]}}],"collection":[{"href":"https:\/\/www.stl.eus\/es\/wp-json\/wp\/v2\/posts"}],"about":[{"href":"https:\/\/www.stl.eus\/es\/wp-json\/wp\/v2\/types\/post"}],"author":[{"embeddable":true,"href":"https:\/\/www.stl.eus\/es\/wp-json\/wp\/v2\/users\/1"}],"replies":[{"embeddable":true,"href":"https:\/\/www.stl.eus\/es\/wp-json\/wp\/v2\/comments?post=5932"}],"version-history":[{"count":0,"href":"https:\/\/www.stl.eus\/es\/wp-json\/wp\/v2\/posts\/5932\/revisions"}],"wp:featuredmedia":[{"embeddable":true,"href":"https:\/\/www.stl.eus\/es\/wp-json\/wp\/v2\/media\/5681"}],"wp:attachment":[{"href":"https:\/\/www.stl.eus\/es\/wp-json\/wp\/v2\/media?parent=5932"}],"wp:term":[{"taxonomy":"category","embeddable":true,"href":"https:\/\/www.stl.eus\/es\/wp-json\/wp\/v2\/categories?post=5932"},{"taxonomy":"post_tag","embeddable":true,"href":"https:\/\/www.stl.eus\/es\/wp-json\/wp\/v2\/tags?post=5932"}],"curies":[{"name":"wp","href":"https:\/\/api.w.org\/{rel}","templated":true}]}}