{"id":5930,"date":"2021-09-07T14:51:26","date_gmt":"2021-09-07T12:51:26","guid":{"rendered":"https:\/\/berria.santotomaslizeoa.net\/kolorea\/"},"modified":"2022-03-10T16:53:17","modified_gmt":"2022-03-10T15:53:17","slug":"naranja","status":"publish","type":"post","link":"https:\/\/www.stl.eus\/es\/naranja\/","title":{"rendered":"Naranja"},"content":{"rendered":"\n[et_pb_section fb_built=\u00bb1&#8243; admin_label=\u00bbsection\u00bb _builder_version=\u00bb3.22&#8243; global_colors_info=\u00bb{}\u00bb][et_pb_row admin_label=\u00bbrow\u00bb _builder_version=\u00bb3.25&#8243; background_size=\u00bbinitial\u00bb background_position=\u00bbtop_left\u00bb background_repeat=\u00bbrepeat\u00bb global_colors_info=\u00bb{}\u00bb][et_pb_column type=\u00bb4_4&#8243; _builder_version=\u00bb3.25&#8243; custom_padding=\u00bb|||\u00bb global_colors_info=\u00bb{}\u00bb custom_padding__hover=\u00bb|||\u00bb][et_pb_text admin_label=\u00bbText\u00bb _builder_version=\u00bb4.10.8&#8243; background_size=\u00bbinitial\u00bb background_position=\u00bbtop_left\u00bb background_repeat=\u00bbrepeat\u00bb hover_enabled=\u00bb0&#8243; global_colors_info=\u00bb{}\u00bb sticky_enabled=\u00bb0&#8243;]<h2>La naranja mec\u00e1nica<\/h2>\n<p>Cada persona tiene su color favorito, pero todos los grupos tienen un color identificativo. Nuestro color nos ha hecho conocidos por Donostia, Donostialdea y por toda Gipuzkoa. Unos dicen que es el color de la \u00abnaranja mec\u00e1nica\u00bb, otros que es el \u00abnaranja butano\u00bb, sin duda el naranja es nuestro color. Nuestros deportistas tambi\u00e9n han difundido nuestro color en diversas competiciones estatales. Pero \u00bfpor qu\u00e9 somos naranjas?<\/p>\n<div class=\"wp-block-columns\">\n<div>\n<p><!-- \/divi:paragraph --><\/p>\n<\/div>\n<h2>Por votaci\u00f3n<\/h2>\n<p>En 1973, cuando la ikastola Santo Tomas Lizeoa comenz\u00f3 a participar en <a href=\"https:\/\/www.stl.eus\/es\/deporte\/stl-y-deporte\/\">competiciones deportivas<\/a>, adem\u00e1s del logotipo hab\u00eda que elegir los colores. Se vot\u00f3 entre todos los alumnos de la ikastola y se decidi\u00f3 que el color de las camisetas ser\u00eda naranja y estampado azul.<\/p>\n<div class=\"wp-block-column\">\n<p><!-- divi:paragraph --><span class=\"has-inline-color has-black-color\"><em>Informaci\u00f3n extra\u00edda de la investigaci\u00f3n de Juan Carlos Redondo Hern\u00e1ndez, abuelo y ex-padre de la ikastola<\/em><\/span><\/p>\n<p><!-- \/divi:paragraph --><\/p>\n<\/div>\n<p><!-- \/divi:column --><\/p>\n<p><!-- divi:column --><\/p>\n<div class=\"wp-block-column\"><\/div>\n<p><!-- \/divi:column --><\/p>\n<\/div>\n<p><!-- \/divi:columns --><\/p>\n<p><!-- divi:paragraph --><\/p>\n<p><!-- \/divi:paragraph --><\/p>[\/et_pb_text][\/et_pb_column][\/et_pb_row][\/et_pb_section]\n","protected":false},"excerpt":{"rendered":"<p>La naranja mec\u00e1nica Cada persona tiene su color favorito, pero todos los grupos tienen un color identificativo. Nuestro color nos ha hecho conocidos por Donostia, Donostialdea y por toda Gipuzkoa. Unos dicen que es el color de la \u00abnaranja mec\u00e1nica\u00bb, otros que es el \u00abnaranja butano\u00bb, sin duda el naranja es nuestro color. Nuestros deportistas [&hellip;]<\/p>\n","protected":false},"author":1,"featured_media":5675,"comment_status":"open","ping_status":"open","sticky":false,"template":"","format":"standard","meta":{"_et_pb_use_builder":"on","_et_pb_old_content":"<!-- wp:columns -->\n<div class=\"wp-block-columns\"><!-- wp:column -->\n<div class=\"wp-block-column\"><!-- wp:paragraph -->\n<p><span class=\"has-inline-color has-black-color\">Cada persona tiene su color favorito, pero todos los grupos tienen un color identificativo. Nuestro color nos ha hecho conocidos por Donostia, Donostialdea y por toda Gipuzkoa. Unos dicen que es el color de la \"naranja mec\u00e1nica\", otros que es el \"naranja butano\", sin duda el naranja es nuestro color. Nuestros deportistas tambi\u00e9n han difundido nuestro color en diversas competiciones estatales. Pero \u00bfpor qu\u00e9 somos naranjas?    <\/span><\/p>\n<!-- \/wp:paragraph --><\/div>\n<!-- \/wp:column -->\n\n<!-- wp:column -->\n<div class=\"wp-block-column\"><!-- wp:paragraph -->\n<p><span class=\"has-inline-color has-black-color\">En 1973, cuando la ikastola Santo Tomas Lizeoa comenz\u00f3 a participar en <a href=\"https:\/\/www.stl.eus\/es\/deporte\/stl-y-deporte\/\">competiciones deportivas<\/a>, adem\u00e1s del logotipo hab\u00eda que elegir los colores. Se vot\u00f3 entre todos los alumnos de la ikastola y se decidi\u00f3 que el color de las camisetas ser\u00eda naranja y estampado azul.<\/span><\/p>\n<!-- \/wp:paragraph -->\n\n<!-- wp:paragraph -->\n<p><span class=\"has-inline-color has-black-color\"><em>Informaci\u00f3n extra\u00edda de la investigaci\u00f3n de Juan Carlos Redondo Hern\u00e1ndez, abuelo y ex-padre de la ikastola<\/em><\/span><\/p>\n<!-- \/wp:paragraph --><\/div>\n<!-- \/wp:column -->\n\n<!-- wp:column -->\n<div class=\"wp-block-column\"><\/div>\n<!-- \/wp:column --><\/div>\n<!-- \/wp:columns -->\n\n<!-- wp:paragraph -->\n<p><\/p>\n<!-- \/wp:paragraph -->","_et_gb_content_width":"","footnotes":""},"categories":[150,208],"tags":[],"class_list":["post-5930","post","type-post","status-publish","format-standard","has-post-thumbnail","hentry","category-actualidad","category-actualiadid-historia"],"yoast_head":"<!-- This site is optimized with the Yoast SEO plugin v27.5 - https:\/\/yoast.com\/product\/yoast-seo-wordpress\/ -->\n<title>\u00bfPor qu\u00e9 somos Naranja? - Santo Tomas Lizeoa<\/title>\n<meta name=\"description\" content=\"Nuestro color nos ha hecho conocidos en Donostia, Donostialdea y por toda Gipuzkoa. La ikastola naranja de Donostia-San Sebasti\u00e1n\" \/>\n<meta name=\"robots\" content=\"index, follow, max-snippet:-1, max-image-preview:large, max-video-preview:-1\" \/>\n<link rel=\"canonical\" href=\"https:\/\/www.stl.eus\/es\/naranja\/\" \/>\n<meta property=\"og:locale\" content=\"es_ES\" \/>\n<meta property=\"og:type\" content=\"article\" \/>\n<meta property=\"og:title\" content=\"\u00bfPor qu\u00e9 somos Naranja? - Santo Tomas Lizeoa\" \/>\n<meta property=\"og:description\" content=\"Nuestro color nos ha hecho conocidos en Donostia, Donostialdea y por toda Gipuzkoa. La ikastola naranja de Donostia-San Sebasti\u00e1n\" \/>\n<meta property=\"og:url\" content=\"https:\/\/www.stl.eus\/es\/naranja\/\" \/>\n<meta property=\"og:site_name\" content=\"Santo Tomas Lizeoa\" \/>\n<meta property=\"article:published_time\" content=\"2021-09-07T12:51:26+00:00\" \/>\n<meta property=\"article:modified_time\" content=\"2022-03-10T15:53:17+00:00\" \/>\n<meta property=\"og:image\" content=\"https:\/\/www.stl.eus\/wp-content\/uploads\/Kolorea.jpg\" \/>\n\t<meta property=\"og:image:width\" content=\"1920\" \/>\n\t<meta property=\"og:image:height\" content=\"660\" \/>\n\t<meta property=\"og:image:type\" content=\"image\/jpeg\" \/>\n<meta name=\"author\" content=\"duok\" \/>\n<meta name=\"twitter:card\" content=\"summary_large_image\" \/>\n<meta name=\"twitter:creator\" content=\"@stl_ikastola\" \/>\n<meta name=\"twitter:site\" content=\"@stl_ikastola\" \/>\n<meta name=\"twitter:label1\" content=\"Escrito por\" \/>\n\t<meta name=\"twitter:data1\" content=\"duok\" \/>\n\t<meta name=\"twitter:label2\" content=\"Tiempo de lectura\" \/>\n\t<meta name=\"twitter:data2\" content=\"1 minuto\" \/>\n<script type=\"application\/ld+json\" class=\"yoast-schema-graph\">{\"@context\":\"https:\\\/\\\/schema.org\",\"@graph\":[{\"@type\":\"Article\",\"@id\":\"https:\\\/\\\/www.stl.eus\\\/es\\\/naranja\\\/#article\",\"isPartOf\":{\"@id\":\"https:\\\/\\\/www.stl.eus\\\/es\\\/naranja\\\/\"},\"author\":{\"name\":\"duok\",\"@id\":\"https:\\\/\\\/www.stl.eus\\\/es\\\/#\\\/schema\\\/person\\\/2562c124946ee98fdb98d430ac99afb3\"},\"headline\":\"Naranja\",\"datePublished\":\"2021-09-07T12:51:26+00:00\",\"dateModified\":\"2022-03-10T15:53:17+00:00\",\"mainEntityOfPage\":{\"@id\":\"https:\\\/\\\/www.stl.eus\\\/es\\\/naranja\\\/\"},\"wordCount\":228,\"commentCount\":0,\"publisher\":{\"@id\":\"https:\\\/\\\/www.stl.eus\\\/es\\\/#organization\"},\"image\":{\"@id\":\"https:\\\/\\\/www.stl.eus\\\/es\\\/naranja\\\/#primaryimage\"},\"thumbnailUrl\":\"https:\\\/\\\/www.stl.eus\\\/wp-content\\\/uploads\\\/Kolorea.jpg\",\"articleSection\":[\"ACTUALIDAD\",\"Historia\"],\"inLanguage\":\"es\",\"potentialAction\":[{\"@type\":\"CommentAction\",\"name\":\"Comment\",\"target\":[\"https:\\\/\\\/www.stl.eus\\\/es\\\/naranja\\\/#respond\"]}]},{\"@type\":\"WebPage\",\"@id\":\"https:\\\/\\\/www.stl.eus\\\/es\\\/naranja\\\/\",\"url\":\"https:\\\/\\\/www.stl.eus\\\/es\\\/naranja\\\/\",\"name\":\"\u00bfPor qu\u00e9 somos Naranja? - Santo Tomas Lizeoa\",\"isPartOf\":{\"@id\":\"https:\\\/\\\/www.stl.eus\\\/es\\\/#website\"},\"primaryImageOfPage\":{\"@id\":\"https:\\\/\\\/www.stl.eus\\\/es\\\/naranja\\\/#primaryimage\"},\"image\":{\"@id\":\"https:\\\/\\\/www.stl.eus\\\/es\\\/naranja\\\/#primaryimage\"},\"thumbnailUrl\":\"https:\\\/\\\/www.stl.eus\\\/wp-content\\\/uploads\\\/Kolorea.jpg\",\"datePublished\":\"2021-09-07T12:51:26+00:00\",\"dateModified\":\"2022-03-10T15:53:17+00:00\",\"description\":\"Nuestro color nos ha hecho conocidos en Donostia, Donostialdea y por toda Gipuzkoa. La ikastola naranja de Donostia-San Sebasti\u00e1n\",\"breadcrumb\":{\"@id\":\"https:\\\/\\\/www.stl.eus\\\/es\\\/naranja\\\/#breadcrumb\"},\"inLanguage\":\"es\",\"potentialAction\":[{\"@type\":\"ReadAction\",\"target\":[\"https:\\\/\\\/www.stl.eus\\\/es\\\/naranja\\\/\"]}]},{\"@type\":\"ImageObject\",\"inLanguage\":\"es\",\"@id\":\"https:\\\/\\\/www.stl.eus\\\/es\\\/naranja\\\/#primaryimage\",\"url\":\"https:\\\/\\\/www.stl.eus\\\/wp-content\\\/uploads\\\/Kolorea.jpg\",\"contentUrl\":\"https:\\\/\\\/www.stl.eus\\\/wp-content\\\/uploads\\\/Kolorea.jpg\",\"width\":1920,\"height\":660},{\"@type\":\"BreadcrumbList\",\"@id\":\"https:\\\/\\\/www.stl.eus\\\/es\\\/naranja\\\/#breadcrumb\",\"itemListElement\":[{\"@type\":\"ListItem\",\"position\":1,\"name\":\"Home\",\"item\":\"https:\\\/\\\/www.stl.eus\\\/es\\\/\"},{\"@type\":\"ListItem\",\"position\":2,\"name\":\"Naranja\"}]},{\"@type\":\"WebSite\",\"@id\":\"https:\\\/\\\/www.stl.eus\\\/es\\\/#website\",\"url\":\"https:\\\/\\\/www.stl.eus\\\/es\\\/\",\"name\":\"Santo Tomas Lizeoa\",\"description\":\"\",\"publisher\":{\"@id\":\"https:\\\/\\\/www.stl.eus\\\/es\\\/#organization\"},\"potentialAction\":[{\"@type\":\"SearchAction\",\"target\":{\"@type\":\"EntryPoint\",\"urlTemplate\":\"https:\\\/\\\/www.stl.eus\\\/es\\\/?s={search_term_string}\"},\"query-input\":{\"@type\":\"PropertyValueSpecification\",\"valueRequired\":true,\"valueName\":\"search_term_string\"}}],\"inLanguage\":\"es\"},{\"@type\":\"Organization\",\"@id\":\"https:\\\/\\\/www.stl.eus\\\/es\\\/#organization\",\"name\":\"Santo Tomas Lizeoa\",\"url\":\"https:\\\/\\\/www.stl.eus\\\/es\\\/\",\"logo\":{\"@type\":\"ImageObject\",\"inLanguage\":\"es\",\"@id\":\"https:\\\/\\\/www.stl.eus\\\/es\\\/#\\\/schema\\\/logo\\\/image\\\/\",\"url\":\"https:\\\/\\\/www.stl.eus\\\/wp-content\\\/uploads\\\/2021\\\/06\\\/SantoTomasLizeoa-logo-naranja.svg\",\"contentUrl\":\"https:\\\/\\\/www.stl.eus\\\/wp-content\\\/uploads\\\/2021\\\/06\\\/SantoTomasLizeoa-logo-naranja.svg\",\"width\":1,\"height\":1,\"caption\":\"Santo Tomas Lizeoa\"},\"image\":{\"@id\":\"https:\\\/\\\/www.stl.eus\\\/es\\\/#\\\/schema\\\/logo\\\/image\\\/\"},\"sameAs\":[\"https:\\\/\\\/x.com\\\/stl_ikastola\",\"https:\\\/\\\/www.instagram.com\\\/p\\\/CTzVTj3r8NQ\\\/\",\"https:\\\/\\\/www.youtube.com\\\/c\\\/SantoTomasLizeoaIkastola\"]},{\"@type\":\"Person\",\"@id\":\"https:\\\/\\\/www.stl.eus\\\/es\\\/#\\\/schema\\\/person\\\/2562c124946ee98fdb98d430ac99afb3\",\"name\":\"duok\",\"image\":{\"@type\":\"ImageObject\",\"inLanguage\":\"es\",\"@id\":\"https:\\\/\\\/secure.gravatar.com\\\/avatar\\\/beb7b46b968e80582647cb16cca8fefae305b9bf71e6e530ca7d343cf6fafbd6?s=96&d=mm&r=g\",\"url\":\"https:\\\/\\\/secure.gravatar.com\\\/avatar\\\/beb7b46b968e80582647cb16cca8fefae305b9bf71e6e530ca7d343cf6fafbd6?s=96&d=mm&r=g\",\"contentUrl\":\"https:\\\/\\\/secure.gravatar.com\\\/avatar\\\/beb7b46b968e80582647cb16cca8fefae305b9bf71e6e530ca7d343cf6fafbd6?s=96&d=mm&r=g\",\"caption\":\"duok\"},\"sameAs\":[\"https:\\\/\\\/santotomaslize.wpengine.com\"]}]}<\/script>\n<!-- \/ Yoast SEO plugin. -->","yoast_head_json":{"title":"\u00bfPor qu\u00e9 somos Naranja? - Santo Tomas Lizeoa","description":"Nuestro color nos ha hecho conocidos en Donostia, Donostialdea y por toda Gipuzkoa. La ikastola naranja de Donostia-San Sebasti\u00e1n","robots":{"index":"index","follow":"follow","max-snippet":"max-snippet:-1","max-image-preview":"max-image-preview:large","max-video-preview":"max-video-preview:-1"},"canonical":"https:\/\/www.stl.eus\/es\/naranja\/","og_locale":"es_ES","og_type":"article","og_title":"\u00bfPor qu\u00e9 somos Naranja? - Santo Tomas Lizeoa","og_description":"Nuestro color nos ha hecho conocidos en Donostia, Donostialdea y por toda Gipuzkoa. La ikastola naranja de Donostia-San Sebasti\u00e1n","og_url":"https:\/\/www.stl.eus\/es\/naranja\/","og_site_name":"Santo Tomas Lizeoa","article_published_time":"2021-09-07T12:51:26+00:00","article_modified_time":"2022-03-10T15:53:17+00:00","og_image":[{"width":1920,"height":660,"url":"https:\/\/www.stl.eus\/wp-content\/uploads\/Kolorea.jpg","type":"image\/jpeg"}],"author":"duok","twitter_card":"summary_large_image","twitter_creator":"@stl_ikastola","twitter_site":"@stl_ikastola","twitter_misc":{"Escrito por":"duok","Tiempo de lectura":"1 minuto"},"schema":{"@context":"https:\/\/schema.org","@graph":[{"@type":"Article","@id":"https:\/\/www.stl.eus\/es\/naranja\/#article","isPartOf":{"@id":"https:\/\/www.stl.eus\/es\/naranja\/"},"author":{"name":"duok","@id":"https:\/\/www.stl.eus\/es\/#\/schema\/person\/2562c124946ee98fdb98d430ac99afb3"},"headline":"Naranja","datePublished":"2021-09-07T12:51:26+00:00","dateModified":"2022-03-10T15:53:17+00:00","mainEntityOfPage":{"@id":"https:\/\/www.stl.eus\/es\/naranja\/"},"wordCount":228,"commentCount":0,"publisher":{"@id":"https:\/\/www.stl.eus\/es\/#organization"},"image":{"@id":"https:\/\/www.stl.eus\/es\/naranja\/#primaryimage"},"thumbnailUrl":"https:\/\/www.stl.eus\/wp-content\/uploads\/Kolorea.jpg","articleSection":["ACTUALIDAD","Historia"],"inLanguage":"es","potentialAction":[{"@type":"CommentAction","name":"Comment","target":["https:\/\/www.stl.eus\/es\/naranja\/#respond"]}]},{"@type":"WebPage","@id":"https:\/\/www.stl.eus\/es\/naranja\/","url":"https:\/\/www.stl.eus\/es\/naranja\/","name":"\u00bfPor qu\u00e9 somos Naranja? - Santo Tomas Lizeoa","isPartOf":{"@id":"https:\/\/www.stl.eus\/es\/#website"},"primaryImageOfPage":{"@id":"https:\/\/www.stl.eus\/es\/naranja\/#primaryimage"},"image":{"@id":"https:\/\/www.stl.eus\/es\/naranja\/#primaryimage"},"thumbnailUrl":"https:\/\/www.stl.eus\/wp-content\/uploads\/Kolorea.jpg","datePublished":"2021-09-07T12:51:26+00:00","dateModified":"2022-03-10T15:53:17+00:00","description":"Nuestro color nos ha hecho conocidos en Donostia, Donostialdea y por toda Gipuzkoa. La ikastola naranja de Donostia-San Sebasti\u00e1n","breadcrumb":{"@id":"https:\/\/www.stl.eus\/es\/naranja\/#breadcrumb"},"inLanguage":"es","potentialAction":[{"@type":"ReadAction","target":["https:\/\/www.stl.eus\/es\/naranja\/"]}]},{"@type":"ImageObject","inLanguage":"es","@id":"https:\/\/www.stl.eus\/es\/naranja\/#primaryimage","url":"https:\/\/www.stl.eus\/wp-content\/uploads\/Kolorea.jpg","contentUrl":"https:\/\/www.stl.eus\/wp-content\/uploads\/Kolorea.jpg","width":1920,"height":660},{"@type":"BreadcrumbList","@id":"https:\/\/www.stl.eus\/es\/naranja\/#breadcrumb","itemListElement":[{"@type":"ListItem","position":1,"name":"Home","item":"https:\/\/www.stl.eus\/es\/"},{"@type":"ListItem","position":2,"name":"Naranja"}]},{"@type":"WebSite","@id":"https:\/\/www.stl.eus\/es\/#website","url":"https:\/\/www.stl.eus\/es\/","name":"Santo Tomas Lizeoa","description":"","publisher":{"@id":"https:\/\/www.stl.eus\/es\/#organization"},"potentialAction":[{"@type":"SearchAction","target":{"@type":"EntryPoint","urlTemplate":"https:\/\/www.stl.eus\/es\/?s={search_term_string}"},"query-input":{"@type":"PropertyValueSpecification","valueRequired":true,"valueName":"search_term_string"}}],"inLanguage":"es"},{"@type":"Organization","@id":"https:\/\/www.stl.eus\/es\/#organization","name":"Santo Tomas Lizeoa","url":"https:\/\/www.stl.eus\/es\/","logo":{"@type":"ImageObject","inLanguage":"es","@id":"https:\/\/www.stl.eus\/es\/#\/schema\/logo\/image\/","url":"https:\/\/www.stl.eus\/wp-content\/uploads\/2021\/06\/SantoTomasLizeoa-logo-naranja.svg","contentUrl":"https:\/\/www.stl.eus\/wp-content\/uploads\/2021\/06\/SantoTomasLizeoa-logo-naranja.svg","width":1,"height":1,"caption":"Santo Tomas Lizeoa"},"image":{"@id":"https:\/\/www.stl.eus\/es\/#\/schema\/logo\/image\/"},"sameAs":["https:\/\/x.com\/stl_ikastola","https:\/\/www.instagram.com\/p\/CTzVTj3r8NQ\/","https:\/\/www.youtube.com\/c\/SantoTomasLizeoaIkastola"]},{"@type":"Person","@id":"https:\/\/www.stl.eus\/es\/#\/schema\/person\/2562c124946ee98fdb98d430ac99afb3","name":"duok","image":{"@type":"ImageObject","inLanguage":"es","@id":"https:\/\/secure.gravatar.com\/avatar\/beb7b46b968e80582647cb16cca8fefae305b9bf71e6e530ca7d343cf6fafbd6?s=96&d=mm&r=g","url":"https:\/\/secure.gravatar.com\/avatar\/beb7b46b968e80582647cb16cca8fefae305b9bf71e6e530ca7d343cf6fafbd6?s=96&d=mm&r=g","contentUrl":"https:\/\/secure.gravatar.com\/avatar\/beb7b46b968e80582647cb16cca8fefae305b9bf71e6e530ca7d343cf6fafbd6?s=96&d=mm&r=g","caption":"duok"},"sameAs":["https:\/\/santotomaslize.wpengine.com"]}]}},"_links":{"self":[{"href":"https:\/\/www.stl.eus\/es\/wp-json\/wp\/v2\/posts\/5930","targetHints":{"allow":["GET"]}}],"collection":[{"href":"https:\/\/www.stl.eus\/es\/wp-json\/wp\/v2\/posts"}],"about":[{"href":"https:\/\/www.stl.eus\/es\/wp-json\/wp\/v2\/types\/post"}],"author":[{"embeddable":true,"href":"https:\/\/www.stl.eus\/es\/wp-json\/wp\/v2\/users\/1"}],"replies":[{"embeddable":true,"href":"https:\/\/www.stl.eus\/es\/wp-json\/wp\/v2\/comments?post=5930"}],"version-history":[{"count":0,"href":"https:\/\/www.stl.eus\/es\/wp-json\/wp\/v2\/posts\/5930\/revisions"}],"wp:featuredmedia":[{"embeddable":true,"href":"https:\/\/www.stl.eus\/es\/wp-json\/wp\/v2\/media\/5675"}],"wp:attachment":[{"href":"https:\/\/www.stl.eus\/es\/wp-json\/wp\/v2\/media?parent=5930"}],"wp:term":[{"taxonomy":"category","embeddable":true,"href":"https:\/\/www.stl.eus\/es\/wp-json\/wp\/v2\/categories?post=5930"},{"taxonomy":"post_tag","embeddable":true,"href":"https:\/\/www.stl.eus\/es\/wp-json\/wp\/v2\/tags?post=5930"}],"curies":[{"name":"wp","href":"https:\/\/api.w.org\/{rel}","templated":true}]}}