{"id":5702,"date":"2021-09-06T11:26:31","date_gmt":"2021-09-06T09:26:31","guid":{"rendered":"https:\/\/berria.santotomaslizeoa.net\/planificacion-del-curso-2021-22\/"},"modified":"2021-09-15T12:30:59","modified_gmt":"2021-09-15T10:30:59","slug":"planificacion-del-curso-2021-22","status":"publish","type":"post","link":"https:\/\/www.stl.eus\/es\/planificacion-del-curso-2021-22\/","title":{"rendered":"Planificaci\u00f3n del curso 2021-22"},"content":{"rendered":"\n<div class=\"wp-block-columns is-layout-flex wp-container-core-columns-is-layout-9d6595d7 wp-block-columns-is-layout-flex\">\n<div class=\"wp-block-column is-layout-flow wp-block-column-is-layout-flow\">\n<p><span class=\"has-inline-color has-black-color\">Los cuestionarios para organizar el curso 2021\/22 est\u00e1n cerrados a excepci\u00f3n del comedor avanzado y las listas de Itxarron de Hedatuz. Las inscripciones en Hedatuz formar\u00e1n una lista de espera y las incluiremos en los grupos, si hubiera sitio, hasta completar los grupos, teniendo en cuenta el orden de inscripci\u00f3n. S\u00f3lo en caso de tener plaza recibir\u00e9is confirmaci\u00f3n por e-mail en septiembre.  <\/span><\/p>\n\n\n\n<p><span class=\"has-inline-color has-black-color\">Organiza<\/span> <a href=\"https:\/\/www.stl.eus\/es\/planificacion-del-curso-21-22\/\" target=\"_blank\" rel=\"noreferrer noopener\">AQU\u00cd<\/a><\/p>\n<\/div>\n\n\n\n<div class=\"wp-block-column is-layout-flow wp-block-column-is-layout-flow\"><\/div>\n\n\n\n<div class=\"wp-block-column is-layout-flow wp-block-column-is-layout-flow\"><\/div>\n<\/div>\n","protected":false},"excerpt":{"rendered":"<p>Los cuestionarios para organizar el curso 2021\/22 est\u00e1n cerrados a excepci\u00f3n del comedor avanzado y las listas de Itxarron de Hedatuz. Las inscripciones en Hedatuz formar\u00e1n una lista de espera y las incluiremos en los grupos, si hubiera sitio, hasta completar los grupos, teniendo en cuenta el orden de inscripci\u00f3n. S\u00f3lo en caso de tener [&hellip;]<\/p>\n","protected":false},"author":1,"featured_media":3942,"comment_status":"open","ping_status":"open","sticky":false,"template":"","format":"standard","meta":{"_et_pb_use_builder":"off","_et_pb_old_content":"","_et_gb_content_width":"","footnotes":""},"categories":[151],"tags":[],"class_list":["post-5702","post","type-post","status-publish","format-standard","has-post-thumbnail","hentry","category-notificaciones"],"yoast_head":"<!-- This site is optimized with the Yoast SEO plugin v27.5 - https:\/\/yoast.com\/product\/yoast-seo-wordpress\/ -->\n<title>Planificaci\u00f3n del curso 2021-22 - Santo Tomas Lizeoa<\/title>\n<meta name=\"robots\" content=\"index, follow, max-snippet:-1, max-image-preview:large, max-video-preview:-1\" \/>\n<link rel=\"canonical\" href=\"https:\/\/www.stl.eus\/es\/planificacion-del-curso-2021-22\/\" \/>\n<meta property=\"og:locale\" content=\"es_ES\" \/>\n<meta property=\"og:type\" content=\"article\" \/>\n<meta property=\"og:title\" content=\"Planificaci\u00f3n del curso 2021-22 - Santo Tomas Lizeoa\" \/>\n<meta property=\"og:description\" content=\"Los cuestionarios para organizar el curso 2021\/22 est\u00e1n cerrados a excepci\u00f3n del comedor avanzado y las listas de Itxarron de Hedatuz. Las inscripciones en Hedatuz formar\u00e1n una lista de espera y las incluiremos en los grupos, si hubiera sitio, hasta completar los grupos, teniendo en cuenta el orden de inscripci\u00f3n. S\u00f3lo en caso de tener [&hellip;]\" \/>\n<meta property=\"og:url\" content=\"https:\/\/www.stl.eus\/es\/planificacion-del-curso-2021-22\/\" \/>\n<meta property=\"og:site_name\" content=\"Santo Tomas Lizeoa\" \/>\n<meta property=\"article:published_time\" content=\"2021-09-06T09:26:31+00:00\" \/>\n<meta property=\"article:modified_time\" content=\"2021-09-15T10:30:59+00:00\" \/>\n<meta property=\"og:image\" content=\"https:\/\/www.stl.eus\/wp-content\/uploads\/jakin-21-22-ikasturte-lizeoa-ikastola.jpg\" \/>\n\t<meta property=\"og:image:width\" content=\"1920\" \/>\n\t<meta property=\"og:image:height\" content=\"640\" \/>\n\t<meta property=\"og:image:type\" content=\"image\/jpeg\" \/>\n<meta name=\"author\" content=\"duok\" \/>\n<meta name=\"twitter:card\" content=\"summary_large_image\" \/>\n<meta name=\"twitter:creator\" content=\"@stl_ikastola\" \/>\n<meta name=\"twitter:site\" content=\"@stl_ikastola\" \/>\n<meta name=\"twitter:label1\" content=\"Escrito por\" \/>\n\t<meta name=\"twitter:data1\" content=\"duok\" \/>\n<script type=\"application\/ld+json\" class=\"yoast-schema-graph\">{\"@context\":\"https:\\\/\\\/schema.org\",\"@graph\":[{\"@type\":\"Article\",\"@id\":\"https:\\\/\\\/www.stl.eus\\\/es\\\/planificacion-del-curso-2021-22\\\/#article\",\"isPartOf\":{\"@id\":\"https:\\\/\\\/www.stl.eus\\\/es\\\/planificacion-del-curso-2021-22\\\/\"},\"author\":{\"name\":\"duok\",\"@id\":\"https:\\\/\\\/www.stl.eus\\\/es\\\/#\\\/schema\\\/person\\\/2562c124946ee98fdb98d430ac99afb3\"},\"headline\":\"Planificaci\u00f3n del curso 2021-22\",\"datePublished\":\"2021-09-06T09:26:31+00:00\",\"dateModified\":\"2021-09-15T10:30:59+00:00\",\"mainEntityOfPage\":{\"@id\":\"https:\\\/\\\/www.stl.eus\\\/es\\\/planificacion-del-curso-2021-22\\\/\"},\"wordCount\":75,\"commentCount\":0,\"publisher\":{\"@id\":\"https:\\\/\\\/www.stl.eus\\\/es\\\/#organization\"},\"image\":{\"@id\":\"https:\\\/\\\/www.stl.eus\\\/es\\\/planificacion-del-curso-2021-22\\\/#primaryimage\"},\"thumbnailUrl\":\"https:\\\/\\\/www.stl.eus\\\/wp-content\\\/uploads\\\/jakin-21-22-ikasturte-lizeoa-ikastola.jpg\",\"articleSection\":[\"NOTIFICACIONES\"],\"inLanguage\":\"es\",\"potentialAction\":[{\"@type\":\"CommentAction\",\"name\":\"Comment\",\"target\":[\"https:\\\/\\\/www.stl.eus\\\/es\\\/planificacion-del-curso-2021-22\\\/#respond\"]}]},{\"@type\":\"WebPage\",\"@id\":\"https:\\\/\\\/www.stl.eus\\\/es\\\/planificacion-del-curso-2021-22\\\/\",\"url\":\"https:\\\/\\\/www.stl.eus\\\/es\\\/planificacion-del-curso-2021-22\\\/\",\"name\":\"Planificaci\u00f3n del curso 2021-22 - Santo Tomas Lizeoa\",\"isPartOf\":{\"@id\":\"https:\\\/\\\/www.stl.eus\\\/es\\\/#website\"},\"primaryImageOfPage\":{\"@id\":\"https:\\\/\\\/www.stl.eus\\\/es\\\/planificacion-del-curso-2021-22\\\/#primaryimage\"},\"image\":{\"@id\":\"https:\\\/\\\/www.stl.eus\\\/es\\\/planificacion-del-curso-2021-22\\\/#primaryimage\"},\"thumbnailUrl\":\"https:\\\/\\\/www.stl.eus\\\/wp-content\\\/uploads\\\/jakin-21-22-ikasturte-lizeoa-ikastola.jpg\",\"datePublished\":\"2021-09-06T09:26:31+00:00\",\"dateModified\":\"2021-09-15T10:30:59+00:00\",\"breadcrumb\":{\"@id\":\"https:\\\/\\\/www.stl.eus\\\/es\\\/planificacion-del-curso-2021-22\\\/#breadcrumb\"},\"inLanguage\":\"es\",\"potentialAction\":[{\"@type\":\"ReadAction\",\"target\":[\"https:\\\/\\\/www.stl.eus\\\/es\\\/planificacion-del-curso-2021-22\\\/\"]}]},{\"@type\":\"ImageObject\",\"inLanguage\":\"es\",\"@id\":\"https:\\\/\\\/www.stl.eus\\\/es\\\/planificacion-del-curso-2021-22\\\/#primaryimage\",\"url\":\"https:\\\/\\\/www.stl.eus\\\/wp-content\\\/uploads\\\/jakin-21-22-ikasturte-lizeoa-ikastola.jpg\",\"contentUrl\":\"https:\\\/\\\/www.stl.eus\\\/wp-content\\\/uploads\\\/jakin-21-22-ikasturte-lizeoa-ikastola.jpg\",\"width\":1920,\"height\":640},{\"@type\":\"BreadcrumbList\",\"@id\":\"https:\\\/\\\/www.stl.eus\\\/es\\\/planificacion-del-curso-2021-22\\\/#breadcrumb\",\"itemListElement\":[{\"@type\":\"ListItem\",\"position\":1,\"name\":\"Home\",\"item\":\"https:\\\/\\\/www.stl.eus\\\/es\\\/\"},{\"@type\":\"ListItem\",\"position\":2,\"name\":\"Planificaci\u00f3n del curso 2021-22\"}]},{\"@type\":\"WebSite\",\"@id\":\"https:\\\/\\\/www.stl.eus\\\/es\\\/#website\",\"url\":\"https:\\\/\\\/www.stl.eus\\\/es\\\/\",\"name\":\"Santo Tomas Lizeoa\",\"description\":\"\",\"publisher\":{\"@id\":\"https:\\\/\\\/www.stl.eus\\\/es\\\/#organization\"},\"potentialAction\":[{\"@type\":\"SearchAction\",\"target\":{\"@type\":\"EntryPoint\",\"urlTemplate\":\"https:\\\/\\\/www.stl.eus\\\/es\\\/?s={search_term_string}\"},\"query-input\":{\"@type\":\"PropertyValueSpecification\",\"valueRequired\":true,\"valueName\":\"search_term_string\"}}],\"inLanguage\":\"es\"},{\"@type\":\"Organization\",\"@id\":\"https:\\\/\\\/www.stl.eus\\\/es\\\/#organization\",\"name\":\"Santo Tomas Lizeoa\",\"url\":\"https:\\\/\\\/www.stl.eus\\\/es\\\/\",\"logo\":{\"@type\":\"ImageObject\",\"inLanguage\":\"es\",\"@id\":\"https:\\\/\\\/www.stl.eus\\\/es\\\/#\\\/schema\\\/logo\\\/image\\\/\",\"url\":\"https:\\\/\\\/www.stl.eus\\\/wp-content\\\/uploads\\\/2021\\\/06\\\/SantoTomasLizeoa-logo-naranja.svg\",\"contentUrl\":\"https:\\\/\\\/www.stl.eus\\\/wp-content\\\/uploads\\\/2021\\\/06\\\/SantoTomasLizeoa-logo-naranja.svg\",\"width\":1,\"height\":1,\"caption\":\"Santo Tomas Lizeoa\"},\"image\":{\"@id\":\"https:\\\/\\\/www.stl.eus\\\/es\\\/#\\\/schema\\\/logo\\\/image\\\/\"},\"sameAs\":[\"https:\\\/\\\/x.com\\\/stl_ikastola\",\"https:\\\/\\\/www.instagram.com\\\/p\\\/CTzVTj3r8NQ\\\/\",\"https:\\\/\\\/www.youtube.com\\\/c\\\/SantoTomasLizeoaIkastola\"]},{\"@type\":\"Person\",\"@id\":\"https:\\\/\\\/www.stl.eus\\\/es\\\/#\\\/schema\\\/person\\\/2562c124946ee98fdb98d430ac99afb3\",\"name\":\"duok\",\"image\":{\"@type\":\"ImageObject\",\"inLanguage\":\"es\",\"@id\":\"https:\\\/\\\/secure.gravatar.com\\\/avatar\\\/beb7b46b968e80582647cb16cca8fefae305b9bf71e6e530ca7d343cf6fafbd6?s=96&d=mm&r=g\",\"url\":\"https:\\\/\\\/secure.gravatar.com\\\/avatar\\\/beb7b46b968e80582647cb16cca8fefae305b9bf71e6e530ca7d343cf6fafbd6?s=96&d=mm&r=g\",\"contentUrl\":\"https:\\\/\\\/secure.gravatar.com\\\/avatar\\\/beb7b46b968e80582647cb16cca8fefae305b9bf71e6e530ca7d343cf6fafbd6?s=96&d=mm&r=g\",\"caption\":\"duok\"},\"sameAs\":[\"https:\\\/\\\/santotomaslize.wpengine.com\"]}]}<\/script>\n<!-- \/ Yoast SEO plugin. -->","yoast_head_json":{"title":"Planificaci\u00f3n del curso 2021-22 - Santo Tomas Lizeoa","robots":{"index":"index","follow":"follow","max-snippet":"max-snippet:-1","max-image-preview":"max-image-preview:large","max-video-preview":"max-video-preview:-1"},"canonical":"https:\/\/www.stl.eus\/es\/planificacion-del-curso-2021-22\/","og_locale":"es_ES","og_type":"article","og_title":"Planificaci\u00f3n del curso 2021-22 - Santo Tomas Lizeoa","og_description":"Los cuestionarios para organizar el curso 2021\/22 est\u00e1n cerrados a excepci\u00f3n del comedor avanzado y las listas de Itxarron de Hedatuz. Las inscripciones en Hedatuz formar\u00e1n una lista de espera y las incluiremos en los grupos, si hubiera sitio, hasta completar los grupos, teniendo en cuenta el orden de inscripci\u00f3n. S\u00f3lo en caso de tener [&hellip;]","og_url":"https:\/\/www.stl.eus\/es\/planificacion-del-curso-2021-22\/","og_site_name":"Santo Tomas Lizeoa","article_published_time":"2021-09-06T09:26:31+00:00","article_modified_time":"2021-09-15T10:30:59+00:00","og_image":[{"width":1920,"height":640,"url":"https:\/\/www.stl.eus\/wp-content\/uploads\/jakin-21-22-ikasturte-lizeoa-ikastola.jpg","type":"image\/jpeg"}],"author":"duok","twitter_card":"summary_large_image","twitter_creator":"@stl_ikastola","twitter_site":"@stl_ikastola","twitter_misc":{"Escrito por":"duok"},"schema":{"@context":"https:\/\/schema.org","@graph":[{"@type":"Article","@id":"https:\/\/www.stl.eus\/es\/planificacion-del-curso-2021-22\/#article","isPartOf":{"@id":"https:\/\/www.stl.eus\/es\/planificacion-del-curso-2021-22\/"},"author":{"name":"duok","@id":"https:\/\/www.stl.eus\/es\/#\/schema\/person\/2562c124946ee98fdb98d430ac99afb3"},"headline":"Planificaci\u00f3n del curso 2021-22","datePublished":"2021-09-06T09:26:31+00:00","dateModified":"2021-09-15T10:30:59+00:00","mainEntityOfPage":{"@id":"https:\/\/www.stl.eus\/es\/planificacion-del-curso-2021-22\/"},"wordCount":75,"commentCount":0,"publisher":{"@id":"https:\/\/www.stl.eus\/es\/#organization"},"image":{"@id":"https:\/\/www.stl.eus\/es\/planificacion-del-curso-2021-22\/#primaryimage"},"thumbnailUrl":"https:\/\/www.stl.eus\/wp-content\/uploads\/jakin-21-22-ikasturte-lizeoa-ikastola.jpg","articleSection":["NOTIFICACIONES"],"inLanguage":"es","potentialAction":[{"@type":"CommentAction","name":"Comment","target":["https:\/\/www.stl.eus\/es\/planificacion-del-curso-2021-22\/#respond"]}]},{"@type":"WebPage","@id":"https:\/\/www.stl.eus\/es\/planificacion-del-curso-2021-22\/","url":"https:\/\/www.stl.eus\/es\/planificacion-del-curso-2021-22\/","name":"Planificaci\u00f3n del curso 2021-22 - Santo Tomas Lizeoa","isPartOf":{"@id":"https:\/\/www.stl.eus\/es\/#website"},"primaryImageOfPage":{"@id":"https:\/\/www.stl.eus\/es\/planificacion-del-curso-2021-22\/#primaryimage"},"image":{"@id":"https:\/\/www.stl.eus\/es\/planificacion-del-curso-2021-22\/#primaryimage"},"thumbnailUrl":"https:\/\/www.stl.eus\/wp-content\/uploads\/jakin-21-22-ikasturte-lizeoa-ikastola.jpg","datePublished":"2021-09-06T09:26:31+00:00","dateModified":"2021-09-15T10:30:59+00:00","breadcrumb":{"@id":"https:\/\/www.stl.eus\/es\/planificacion-del-curso-2021-22\/#breadcrumb"},"inLanguage":"es","potentialAction":[{"@type":"ReadAction","target":["https:\/\/www.stl.eus\/es\/planificacion-del-curso-2021-22\/"]}]},{"@type":"ImageObject","inLanguage":"es","@id":"https:\/\/www.stl.eus\/es\/planificacion-del-curso-2021-22\/#primaryimage","url":"https:\/\/www.stl.eus\/wp-content\/uploads\/jakin-21-22-ikasturte-lizeoa-ikastola.jpg","contentUrl":"https:\/\/www.stl.eus\/wp-content\/uploads\/jakin-21-22-ikasturte-lizeoa-ikastola.jpg","width":1920,"height":640},{"@type":"BreadcrumbList","@id":"https:\/\/www.stl.eus\/es\/planificacion-del-curso-2021-22\/#breadcrumb","itemListElement":[{"@type":"ListItem","position":1,"name":"Home","item":"https:\/\/www.stl.eus\/es\/"},{"@type":"ListItem","position":2,"name":"Planificaci\u00f3n del curso 2021-22"}]},{"@type":"WebSite","@id":"https:\/\/www.stl.eus\/es\/#website","url":"https:\/\/www.stl.eus\/es\/","name":"Santo Tomas Lizeoa","description":"","publisher":{"@id":"https:\/\/www.stl.eus\/es\/#organization"},"potentialAction":[{"@type":"SearchAction","target":{"@type":"EntryPoint","urlTemplate":"https:\/\/www.stl.eus\/es\/?s={search_term_string}"},"query-input":{"@type":"PropertyValueSpecification","valueRequired":true,"valueName":"search_term_string"}}],"inLanguage":"es"},{"@type":"Organization","@id":"https:\/\/www.stl.eus\/es\/#organization","name":"Santo Tomas Lizeoa","url":"https:\/\/www.stl.eus\/es\/","logo":{"@type":"ImageObject","inLanguage":"es","@id":"https:\/\/www.stl.eus\/es\/#\/schema\/logo\/image\/","url":"https:\/\/www.stl.eus\/wp-content\/uploads\/2021\/06\/SantoTomasLizeoa-logo-naranja.svg","contentUrl":"https:\/\/www.stl.eus\/wp-content\/uploads\/2021\/06\/SantoTomasLizeoa-logo-naranja.svg","width":1,"height":1,"caption":"Santo Tomas Lizeoa"},"image":{"@id":"https:\/\/www.stl.eus\/es\/#\/schema\/logo\/image\/"},"sameAs":["https:\/\/x.com\/stl_ikastola","https:\/\/www.instagram.com\/p\/CTzVTj3r8NQ\/","https:\/\/www.youtube.com\/c\/SantoTomasLizeoaIkastola"]},{"@type":"Person","@id":"https:\/\/www.stl.eus\/es\/#\/schema\/person\/2562c124946ee98fdb98d430ac99afb3","name":"duok","image":{"@type":"ImageObject","inLanguage":"es","@id":"https:\/\/secure.gravatar.com\/avatar\/beb7b46b968e80582647cb16cca8fefae305b9bf71e6e530ca7d343cf6fafbd6?s=96&d=mm&r=g","url":"https:\/\/secure.gravatar.com\/avatar\/beb7b46b968e80582647cb16cca8fefae305b9bf71e6e530ca7d343cf6fafbd6?s=96&d=mm&r=g","contentUrl":"https:\/\/secure.gravatar.com\/avatar\/beb7b46b968e80582647cb16cca8fefae305b9bf71e6e530ca7d343cf6fafbd6?s=96&d=mm&r=g","caption":"duok"},"sameAs":["https:\/\/santotomaslize.wpengine.com"]}]}},"_links":{"self":[{"href":"https:\/\/www.stl.eus\/es\/wp-json\/wp\/v2\/posts\/5702","targetHints":{"allow":["GET"]}}],"collection":[{"href":"https:\/\/www.stl.eus\/es\/wp-json\/wp\/v2\/posts"}],"about":[{"href":"https:\/\/www.stl.eus\/es\/wp-json\/wp\/v2\/types\/post"}],"author":[{"embeddable":true,"href":"https:\/\/www.stl.eus\/es\/wp-json\/wp\/v2\/users\/1"}],"replies":[{"embeddable":true,"href":"https:\/\/www.stl.eus\/es\/wp-json\/wp\/v2\/comments?post=5702"}],"version-history":[{"count":0,"href":"https:\/\/www.stl.eus\/es\/wp-json\/wp\/v2\/posts\/5702\/revisions"}],"wp:featuredmedia":[{"embeddable":true,"href":"https:\/\/www.stl.eus\/es\/wp-json\/wp\/v2\/media\/3942"}],"wp:attachment":[{"href":"https:\/\/www.stl.eus\/es\/wp-json\/wp\/v2\/media?parent=5702"}],"wp:term":[{"taxonomy":"category","embeddable":true,"href":"https:\/\/www.stl.eus\/es\/wp-json\/wp\/v2\/categories?post=5702"},{"taxonomy":"post_tag","embeddable":true,"href":"https:\/\/www.stl.eus\/es\/wp-json\/wp\/v2\/tags?post=5702"}],"curies":[{"name":"wp","href":"https:\/\/api.w.org\/{rel}","templated":true}]}}